{"id":16155,"date":"2025-05-04T12:48:00","date_gmt":"2025-05-04T10:48:00","guid":{"rendered":"https:\/\/entretormentas.com\/?p=16155"},"modified":"2025-05-04T12:48:00","modified_gmt":"2025-05-04T10:48:00","slug":"en-idelfonso-vasquez-comunidades-indigenas-declaran-su-apoyo-rotundo-al-tawala-luis-caldera","status":"publish","type":"post","link":"https:\/\/entretormentas.com\/en-idelfonso-vasquez-comunidades-indigenas-declaran-su-apoyo-rotundo-al-tawala-luis-caldera\/","title":{"rendered":"\u00a1EN IDELFONSO V\u00c1SQUEZ! Comunidades ind\u00edgenas declaran su \u00abapoyo rotundo\u00bb al Tawala Luis Caldera"},"content":{"rendered":"\n<p><strong>ENTRE TORMENTAS.<\/strong> En un despliegue en la parroquia Idelfonso V\u00e1squez, ubicada en el oeste de Maracaibo, el candidato a la Gobernaci\u00f3n del Zulia, Luis Caldera, recibi\u00f3 un apoyo rotundo del pueblo way\u00fau que habita en este territorio, donde m\u00e1s del 60% pertenecen a esta etnia ind\u00edgena.<\/p>\n\n\n\n<p>Mujeres, hombres, j\u00f3venes y adultos mayores se reunieron en asamblea con el candidato del Gran Polo Patri\u00f3tico Sim\u00f3n Bol\u00edvar (GPPSB) y del Partido Socialista Unido de Venezuela (PSUV), a quien le expresaron le acompa\u00f1ar\u00e1n en este camino a la Gobernaci\u00f3n, donde aseguran cumplir\u00e1 con los preceptos constitucionales que garantizan la protecci\u00f3n, atenci\u00f3n y respeto al pueblo ind\u00edgena, porque, adem\u00e1s de ser uno de ellos, lo ha demostrado en las dos d\u00e9cadas al frente de la Alcald\u00eda de Mara.<\/p>\n\n\n\n<figure class=\"wp-block-image size-large\"><img fetchpriority=\"high\" decoding=\"async\" width=\"1024\" height=\"683\" src=\"https:\/\/entretormentas.com\/wp-content\/uploads\/2025\/05\/tawala2-1024x683.jpg\" alt=\"\" class=\"wp-image-16156\" srcset=\"https:\/\/entretormentas.com\/wp-content\/uploads\/2025\/05\/tawala2-1024x683.jpg 1024w, https:\/\/entretormentas.com\/wp-content\/uploads\/2025\/05\/tawala2-300x200.jpg 300w, https:\/\/entretormentas.com\/wp-content\/uploads\/2025\/05\/tawala2-768x512.jpg 768w, https:\/\/entretormentas.com\/wp-content\/uploads\/2025\/05\/tawala2.jpg 1280w\" sizes=\"(max-width: 1024px) 100vw, 1024px\" \/><\/figure>\n\n\n\n<p>Caldera, acompa\u00f1ado de los candidatos a disputados Misleidy Mengual, Enrique Batista, Noel\u00ed Pocaterra y Magdely Valbuena dijo que esta es una de las m\u00e1s de cinco mil asambleas que se realizan por el compromiso del Zulia y resalt\u00f3 que en la realizada en Idelfonso V\u00e1squez, espec\u00edficamente en la comunidad Catatumbo 3, se cont\u00f3 con la participaci\u00f3n de m\u00e1s de 150 \u201chermanos y hermanas del pueblo way\u00fau\u201d.<\/p>\n\n\n\n<p>En la asamblea, adem\u00e1s de que los habitantes dieran su espaldarazo a Caldera, sirvi\u00f3 para la discusi\u00f3n de las propuestas de gobierno tanto del candidato, como del propio pueblo, con quien Caldera ha dicho gobernar\u00e1 de forma articulada para solucionar los problemas, posicionar al estado como la primera regi\u00f3n de Venezuela y garantizar la paz, la integridad territorial y la soberan\u00eda.<\/p>\n\n\n\n<p>\u201cAqu\u00ed vamos a este debate, el de las ciudades humanas, el debate de la ecolog\u00eda, el debate de la econom\u00eda productiva, el debate de la atenci\u00f3n a nuestro pueblo del Zulia\u201d, expres\u00f3.<\/p>\n\n\n\n<figure class=\"wp-block-image size-large\"><img decoding=\"async\" width=\"1024\" height=\"683\" src=\"https:\/\/entretormentas.com\/wp-content\/uploads\/2025\/05\/tawala3-1024x683.jpg\" alt=\"\" class=\"wp-image-16157\" srcset=\"https:\/\/entretormentas.com\/wp-content\/uploads\/2025\/05\/tawala3-1024x683.jpg 1024w, https:\/\/entretormentas.com\/wp-content\/uploads\/2025\/05\/tawala3-300x200.jpg 300w, https:\/\/entretormentas.com\/wp-content\/uploads\/2025\/05\/tawala3-768x512.jpg 768w, https:\/\/entretormentas.com\/wp-content\/uploads\/2025\/05\/tawala3.jpg 1280w\" sizes=\"(max-width: 1024px) 100vw, 1024px\" \/><\/figure>\n\n\n\n<p>La l\u00edder ind\u00edgena Noel\u00ed Pocaterra, no dud\u00f3 en exclamar que el pueblo originario del Zulia est\u00e1 emocionado: \u201cEs un hecho hist\u00f3rico lo que est\u00e1 ocurriendo en el estado, donde por primera vez un ind\u00edgena, un comunero, un hombre de grandes virtudes, de una gran fortaleza y un gran humanista, va a ser el gobernador del Zulia\u201d.<\/p>\n\n\n\n<p>Destac\u00f3 que, en su gesti\u00f3n de 20 a\u00f1os como alcalde de Mara, se pueden palpar sus logros, por lo que el pueblo ind\u00edgena de la entidad zuliana est\u00e1 dispuesto a buscar los votos en cada espacio del territorio para llevarlo a la Gobernaci\u00f3n, cuyas puertas estar\u00e1n abiertas para todos los zulianos y zulianas.<\/p>\n\n\n\n<p>La vocera de la comunidad Catatumbo 3, sector 4, Dainery Minerva Gonz\u00e1lez, reafirm\u00f3 su compromiso y lealtad con el legado del comandante Hugo Ch\u00e1vez y llevar a la gobernaci\u00f3n a El Tawala Luis, quien es leal con su pueblo ind\u00edgena.<\/p>\n\n\n\n<figure class=\"wp-block-image size-large\"><img decoding=\"async\" width=\"1024\" height=\"682\" src=\"https:\/\/entretormentas.com\/wp-content\/uploads\/2025\/05\/tawala4-1024x682.jpg\" alt=\"\" class=\"wp-image-16158\" srcset=\"https:\/\/entretormentas.com\/wp-content\/uploads\/2025\/05\/tawala4-1024x682.jpg 1024w, https:\/\/entretormentas.com\/wp-content\/uploads\/2025\/05\/tawala4-300x200.jpg 300w, https:\/\/entretormentas.com\/wp-content\/uploads\/2025\/05\/tawala4-768x512.jpg 768w, https:\/\/entretormentas.com\/wp-content\/uploads\/2025\/05\/tawala4.jpg 1280w\" sizes=\"(max-width: 1024px) 100vw, 1024px\" \/><\/figure>\n\n\n\n<p>\u201cEl Tawala Luis es una persona humanista y cumple con el legado de Ch\u00e1vez, quien dignific\u00f3 a nuestro pueblo en la Carta Magna\u201d, puntualiz\u00f3.<\/p>\n\n\n\n<p>Asimismo, Petronila Gonz\u00e1lez, del sector 3 de la comunidad Catatumbo, asegur\u00f3 que el gobierno regional comandado por Caldera va a llevar adelante al pueblo ind\u00edgena y zuliano en general, con humildad y sencillez, pero tambi\u00e9n con fortaleza y visi\u00f3n de futuro y progreso.<br><strong><em>ET \/ Prensa PSUV Zulia<\/em><\/strong><\/p>\n\n\n\n<p><\/p>\n","protected":false},"excerpt":{"rendered":"<p>ENTRE TORMENTAS. En un despliegue en la parroquia Idelfonso V\u00e1squez, ubicada en el oeste de&#8230;<\/p>\n","protected":false},"author":2,"featured_media":16159,"comment_status":"closed","ping_status":"open","sticky":false,"template":"","format":"standard","meta":{"footnotes":""},"categories":[57,1],"tags":[],"class_list":["post-16155","post","type-post","status-publish","format-standard","has-post-thumbnail","hentry","category-actualidad","category-regionales"],"_links":{"self":[{"href":"https:\/\/entretormentas.com\/index.php?rest_route=\/wp\/v2\/posts\/16155","targetHints":{"allow":["GET"]}}],"collection":[{"href":"https:\/\/entretormentas.com\/index.php?rest_route=\/wp\/v2\/posts"}],"about":[{"href":"https:\/\/entretormentas.com\/index.php?rest_route=\/wp\/v2\/types\/post"}],"author":[{"embeddable":true,"href":"https:\/\/entretormentas.com\/index.php?rest_route=\/wp\/v2\/users\/2"}],"replies":[{"embeddable":true,"href":"https:\/\/entretormentas.com\/index.php?rest_route=%2Fwp%2Fv2%2Fcomments&post=16155"}],"version-history":[{"count":1,"href":"https:\/\/entretormentas.com\/index.php?rest_route=\/wp\/v2\/posts\/16155\/revisions"}],"predecessor-version":[{"id":16160,"href":"https:\/\/entretormentas.com\/index.php?rest_route=\/wp\/v2\/posts\/16155\/revisions\/16160"}],"wp:featuredmedia":[{"embeddable":true,"href":"https:\/\/entretormentas.com\/index.php?rest_route=\/wp\/v2\/media\/16159"}],"wp:attachment":[{"href":"https:\/\/entretormentas.com\/index.php?rest_route=%2Fwp%2Fv2%2Fmedia&parent=16155"}],"wp:term":[{"taxonomy":"category","embeddable":true,"href":"https:\/\/entretormentas.com\/index.php?rest_route=%2Fwp%2Fv2%2Fcategories&post=16155"},{"taxonomy":"post_tag","embeddable":true,"href":"https:\/\/entretormentas.com\/index.php?rest_route=%2Fwp%2Fv2%2Ftags&post=16155"}],"curies":[{"name":"wp","href":"https:\/\/api.w.org\/{rel}","templated":true}]}}