{"id":16170,"date":"2025-05-04T13:01:51","date_gmt":"2025-05-04T11:01:51","guid":{"rendered":"https:\/\/entretormentas.com\/?p=16170"},"modified":"2025-05-04T13:01:52","modified_gmt":"2025-05-04T11:01:52","slug":"cinco-son-adolescentes-al-menos-906-personas-siguen-detenidas-en-el-pais-por-razones-politicas","status":"publish","type":"post","link":"https:\/\/entretormentas.com\/cinco-son-adolescentes-al-menos-906-personas-siguen-detenidas-en-el-pais-por-razones-politicas\/","title":{"rendered":"\u00a1CINCO SON ADOLESCENTES! Al menos 906 personas siguen detenidas en el pa\u00eds por razones pol\u00edticas"},"content":{"rendered":"\n<p><strong>ENTRE TORMENTAS. <\/strong>El Foro Penal dio a conocer su m\u00e1s reciente balance de personas detenidas en Venezuela por razones pol\u00edticas, en el que dan cuenta de un total de 906 ciudadanos, de los cuales cinco son adolescentes.<\/p>\n\n\n\n<p>Seg\u00fan el reporte, de ese total 815 son hombres y 91 mujeres. Adem\u00e1s, 737 son civiles, mientras que 169 militares siguen aprehendidos.<\/p>\n\n\n\n<p>El Foro Penal se\u00f1ala que cinco menores de edad se mantienen detenidos por razones pol\u00edticas, mientras los 901 restantes son adultos.<\/p>\n\n\n\n<p>Con relaci\u00f3n al reporte previo, la ONG da cuenta de 17 nuevas encarcelaciones, mientras una sola persona sali\u00f3 de prisi\u00f3n. Sumado a ello, 150 ya recibieron condena, mientras 756 aguardan por un juicio. \u00abSe desconoce el paradero de 67\u00bb, a\u00f1adi\u00f3.<\/p>\n\n\n\n<p>Seg\u00fan el Foro Penal, el hist\u00f3rico de detenciones con fines pol\u00edticos en Venezuela revela que desde 2014 a la fecha, ha habido 18 mil 334 arrestos.<\/p>\n\n\n\n<p>La ONG tambi\u00e9n a\u00f1adi\u00f3 que m\u00e1s de 14 mil personas excarceladas han recibido asistencia de parte del Foro Penal. \u00abPersonas a\u00fan sujetas arbitrariamente a medidas restrictivas de su libertad: m\u00e1s de nueve mil\u00bb.<\/p>\n\n\n\n<p>Record\u00f3 la organizaci\u00f3n que los presos pol\u00edticos incluye a \u00abpersonas que se mantienen privadas de libertad\u00bb. Adem\u00e1s, no contempla, todav\u00eda, a todos los que han sido arrestados y liberados o se mantienen bajo arresto a corto plazo (48 horas).<\/p>\n\n\n\n<p>Finalmente, esa instancia dijo que envi\u00f3 la lista a la OEA y a la ONU para su verificaci\u00f3n y certificaci\u00f3n.<\/p>\n\n\n\n<p>A finales de marzo, la Plataforma Unitaria Democr\u00e1tica (PUD) denunci\u00f3 la falta de derechos a las que someten a los \u00abpresos pol\u00edticos\u00bb en el pa\u00eds, haciendo referencia al caso de seis de ellos quienes tienen m\u00e1s de 200 d\u00edas detenidos y no han recibido visitas de sus familiares.<\/p>\n\n\n\n<p>Se trata de los exdiputados Freddy Superlano, Am\u00e9rico De Grazia y Biagio Pilieri, as\u00ed como el exgobernador del estado T\u00e1chira y exparlamentario, Williams D\u00e1vila, el abogado y vocero del Comando con Venezuela, Perkins Rocha, y el periodista Roland Carre\u00f1o.<br><strong><em>ET \/ Agencias<\/em><\/strong><\/p>\n\n\n\n<p><\/p>\n","protected":false},"excerpt":{"rendered":"<p>ENTRE TORMENTAS. El Foro Penal dio a conocer su m\u00e1s reciente balance de personas detenidas&#8230;<\/p>\n","protected":false},"author":2,"featured_media":16171,"comment_status":"closed","ping_status":"open","sticky":false,"template":"","format":"standard","meta":{"footnotes":""},"categories":[56,49],"tags":[],"class_list":["post-16170","post","type-post","status-publish","format-standard","has-post-thumbnail","hentry","category-destacadas","category-nacionales"],"_links":{"self":[{"href":"https:\/\/entretormentas.com\/index.php?rest_route=\/wp\/v2\/posts\/16170","targetHints":{"allow":["GET"]}}],"collection":[{"href":"https:\/\/entretormentas.com\/index.php?rest_route=\/wp\/v2\/posts"}],"about":[{"href":"https:\/\/entretormentas.com\/index.php?rest_route=\/wp\/v2\/types\/post"}],"author":[{"embeddable":true,"href":"https:\/\/entretormentas.com\/index.php?rest_route=\/wp\/v2\/users\/2"}],"replies":[{"embeddable":true,"href":"https:\/\/entretormentas.com\/index.php?rest_route=%2Fwp%2Fv2%2Fcomments&post=16170"}],"version-history":[{"count":1,"href":"https:\/\/entretormentas.com\/index.php?rest_route=\/wp\/v2\/posts\/16170\/revisions"}],"predecessor-version":[{"id":16172,"href":"https:\/\/entretormentas.com\/index.php?rest_route=\/wp\/v2\/posts\/16170\/revisions\/16172"}],"wp:featuredmedia":[{"embeddable":true,"href":"https:\/\/entretormentas.com\/index.php?rest_route=\/wp\/v2\/media\/16171"}],"wp:attachment":[{"href":"https:\/\/entretormentas.com\/index.php?rest_route=%2Fwp%2Fv2%2Fmedia&parent=16170"}],"wp:term":[{"taxonomy":"category","embeddable":true,"href":"https:\/\/entretormentas.com\/index.php?rest_route=%2Fwp%2Fv2%2Fcategories&post=16170"},{"taxonomy":"post_tag","embeddable":true,"href":"https:\/\/entretormentas.com\/index.php?rest_route=%2Fwp%2Fv2%2Ftags&post=16170"}],"curies":[{"name":"wp","href":"https:\/\/api.w.org\/{rel}","templated":true}]}}