{"id":16173,"date":"2025-05-04T13:04:50","date_gmt":"2025-05-04T11:04:50","guid":{"rendered":"https:\/\/entretormentas.com\/?p=16173"},"modified":"2025-05-04T13:04:51","modified_gmt":"2025-05-04T11:04:51","slug":"fedecamaras-el-modelo-de-remuneracion-venezolano-no-sirve-y-se-agoto","status":"publish","type":"post","link":"https:\/\/entretormentas.com\/fedecamaras-el-modelo-de-remuneracion-venezolano-no-sirve-y-se-agoto\/","title":{"rendered":"FEDEC\u00c1MARAS: \u00abEl modelo de remuneraci\u00f3n venezolano no sirve y se agot\u00f3\u00bb"},"content":{"rendered":"\n<p><strong>ENTRE TORMENTAS.<\/strong> El presidente de la Federaci\u00f3n de C\u00e1maras y Asociaciones de Comercio y Producci\u00f3n de Venezuela (Fedec\u00e1maras), Ad\u00e1n Celis, considera que el modelo de remuneraci\u00f3n venezolano \u00abse agot\u00f3\u00bb, por lo que considera necesario reestructurarlo: \u00abEs una camisa de fuerza, tanto para el Estado como para la empresa privada seguir con este modelo de remuneraci\u00f3n\u00bb.<\/p>\n\n\n\n<p>\u00abEse modelo funcionaba cuando hab\u00eda una econom\u00eda subsidiada por los ingresos petroleros\u00bb, asever\u00f3 el gremialista durante una entrevista concedida a Uni\u00f3n Radio.<\/p>\n\n\n\n<p>Bajo este orden de ideas, record\u00f3 que el ingreso integral de los trabajadores en el sector privado \u00abest\u00e1 por encima\u00bb de la cifra del Ingreso M\u00ednimo Integral decretado por el Ejecutivo Nacional.<\/p>\n\n\n\n<p>Por lo tanto, estima necesario que las empresas, sindicatos, trabajadores y el Gobierno, se re\u00fanan para discutir \u00abun nuevo modelo\u00bb de remuneraci\u00f3n que beneficie o que principalmente act\u00fae sobre el ingreso del trabajador.<\/p>\n\n\n\n<p>\u00abLa gente no necesita que le pongan cargas o pagos que se van a realizar dentro de seis meses o un a\u00f1o\u00bb y sostuvo que las acciones del Estado revelan su imposibilidad de \u00abtocar el salario m\u00ednimo, por las implicaciones que tiene la retroactividad\u00bb.<\/p>\n\n\n\n<p>Concluy\u00f3 manifestando la necesidad de \u00abmodificar el modelo actual\u00bb, enfatizando que los empresarios venezolanos quieren que los trabajadores reciban una mejor remuneraci\u00f3n.<br><strong><em>ET \/ Agencias<\/em><\/strong><\/p>\n","protected":false},"excerpt":{"rendered":"<p>ENTRE TORMENTAS. El presidente de la Federaci\u00f3n de C\u00e1maras y Asociaciones de Comercio y Producci\u00f3n&#8230;<\/p>\n","protected":false},"author":2,"featured_media":16174,"comment_status":"closed","ping_status":"open","sticky":false,"template":"","format":"standard","meta":{"footnotes":""},"categories":[56,49],"tags":[],"class_list":["post-16173","post","type-post","status-publish","format-standard","has-post-thumbnail","hentry","category-destacadas","category-nacionales"],"_links":{"self":[{"href":"https:\/\/entretormentas.com\/index.php?rest_route=\/wp\/v2\/posts\/16173","targetHints":{"allow":["GET"]}}],"collection":[{"href":"https:\/\/entretormentas.com\/index.php?rest_route=\/wp\/v2\/posts"}],"about":[{"href":"https:\/\/entretormentas.com\/index.php?rest_route=\/wp\/v2\/types\/post"}],"author":[{"embeddable":true,"href":"https:\/\/entretormentas.com\/index.php?rest_route=\/wp\/v2\/users\/2"}],"replies":[{"embeddable":true,"href":"https:\/\/entretormentas.com\/index.php?rest_route=%2Fwp%2Fv2%2Fcomments&post=16173"}],"version-history":[{"count":1,"href":"https:\/\/entretormentas.com\/index.php?rest_route=\/wp\/v2\/posts\/16173\/revisions"}],"predecessor-version":[{"id":16175,"href":"https:\/\/entretormentas.com\/index.php?rest_route=\/wp\/v2\/posts\/16173\/revisions\/16175"}],"wp:featuredmedia":[{"embeddable":true,"href":"https:\/\/entretormentas.com\/index.php?rest_route=\/wp\/v2\/media\/16174"}],"wp:attachment":[{"href":"https:\/\/entretormentas.com\/index.php?rest_route=%2Fwp%2Fv2%2Fmedia&parent=16173"}],"wp:term":[{"taxonomy":"category","embeddable":true,"href":"https:\/\/entretormentas.com\/index.php?rest_route=%2Fwp%2Fv2%2Fcategories&post=16173"},{"taxonomy":"post_tag","embeddable":true,"href":"https:\/\/entretormentas.com\/index.php?rest_route=%2Fwp%2Fv2%2Ftags&post=16173"}],"curies":[{"name":"wp","href":"https:\/\/api.w.org\/{rel}","templated":true}]}}