{"id":16176,"date":"2025-05-04T13:07:42","date_gmt":"2025-05-04T11:07:42","guid":{"rendered":"https:\/\/entretormentas.com\/?p=16176"},"modified":"2025-05-04T13:07:44","modified_gmt":"2025-05-04T11:07:44","slug":"senalamiento-cabello-vincula-a-mcm-con-los-ninos-separados-de-sus-padres-venezolanos-en-eeuu","status":"publish","type":"post","link":"https:\/\/entretormentas.com\/senalamiento-cabello-vincula-a-mcm-con-los-ninos-separados-de-sus-padres-venezolanos-en-eeuu\/","title":{"rendered":"\u00a1SE\u00d1ALAMIENTO! Cabello vincula a MCM con los ni\u00f1os separados de sus padres venezolanos en EEUU"},"content":{"rendered":"\n<p><strong>ENTRE TORMENTAS. <\/strong>El ministro de Interior y Justicia, Diosdado Cabello, insisti\u00f3 este s\u00e1bado en vincular a la l\u00edder opositora, Mar\u00eda Corina Machado, a los casos de ni\u00f1os separados de sus padres venezolanos en Estados Unidos (EEUU), luego de que este pa\u00eds deportara a una pareja, supuestos miembros del Tren de Aragua, sin su peque\u00f1a hija de dos a\u00f1os.<\/p>\n\n\n\n<p>\u00abEs la batalla que estanos dando nosotros (el gobierno de Maduro) ahorita, porque esto es un plan bien coordinado de la derecha venezolana y la responsable de todas esas actividades contra nuestro pueblo, contra nuestros ni\u00f1os se llama Mar\u00eda Machado\u00bb, reiter\u00f3 Cabello durante un acto, celebrado en La Guaira, en conmemoraci\u00f3n de los cinco a\u00f1os del desmontaje de la \u00abOperaci\u00f3n Gede\u00f3n\u00bb.<br><strong><em>ET \/ Agencias<\/em><\/strong><\/p>\n","protected":false},"excerpt":{"rendered":"<p>ENTRE TORMENTAS. El ministro de Interior y Justicia, Diosdado Cabello, insisti\u00f3 este s\u00e1bado en vincular&#8230;<\/p>\n","protected":false},"author":2,"featured_media":16177,"comment_status":"closed","ping_status":"open","sticky":false,"template":"","format":"standard","meta":{"footnotes":""},"categories":[56,49],"tags":[],"class_list":["post-16176","post","type-post","status-publish","format-standard","has-post-thumbnail","hentry","category-destacadas","category-nacionales"],"_links":{"self":[{"href":"https:\/\/entretormentas.com\/index.php?rest_route=\/wp\/v2\/posts\/16176","targetHints":{"allow":["GET"]}}],"collection":[{"href":"https:\/\/entretormentas.com\/index.php?rest_route=\/wp\/v2\/posts"}],"about":[{"href":"https:\/\/entretormentas.com\/index.php?rest_route=\/wp\/v2\/types\/post"}],"author":[{"embeddable":true,"href":"https:\/\/entretormentas.com\/index.php?rest_route=\/wp\/v2\/users\/2"}],"replies":[{"embeddable":true,"href":"https:\/\/entretormentas.com\/index.php?rest_route=%2Fwp%2Fv2%2Fcomments&post=16176"}],"version-history":[{"count":1,"href":"https:\/\/entretormentas.com\/index.php?rest_route=\/wp\/v2\/posts\/16176\/revisions"}],"predecessor-version":[{"id":16178,"href":"https:\/\/entretormentas.com\/index.php?rest_route=\/wp\/v2\/posts\/16176\/revisions\/16178"}],"wp:featuredmedia":[{"embeddable":true,"href":"https:\/\/entretormentas.com\/index.php?rest_route=\/wp\/v2\/media\/16177"}],"wp:attachment":[{"href":"https:\/\/entretormentas.com\/index.php?rest_route=%2Fwp%2Fv2%2Fmedia&parent=16176"}],"wp:term":[{"taxonomy":"category","embeddable":true,"href":"https:\/\/entretormentas.com\/index.php?rest_route=%2Fwp%2Fv2%2Fcategories&post=16176"},{"taxonomy":"post_tag","embeddable":true,"href":"https:\/\/entretormentas.com\/index.php?rest_route=%2Fwp%2Fv2%2Ftags&post=16176"}],"curies":[{"name":"wp","href":"https:\/\/api.w.org\/{rel}","templated":true}]}}