{"id":16182,"date":"2025-05-06T10:28:10","date_gmt":"2025-05-06T08:28:10","guid":{"rendered":"https:\/\/entretormentas.com\/?p=16182"},"modified":"2025-05-06T10:28:11","modified_gmt":"2025-05-06T08:28:11","slug":"2-aniversario-de-baila-con-ritmo-san-francisco-celebro-los-beneficios-de-la-bailoterapia-en-la-salud","status":"publish","type":"post","link":"https:\/\/entretormentas.com\/2-aniversario-de-baila-con-ritmo-san-francisco-celebro-los-beneficios-de-la-bailoterapia-en-la-salud\/","title":{"rendered":"\u00a12\u00b0 ANIVERSARIO DE BAILA CON RITMO! San Francisco celebr\u00f3 los beneficios de la bailoterapia en la salud"},"content":{"rendered":"\n<p><strong>ENTRE TORMENTAS.<\/strong> En el marco del segundo aniversario del programa de actividad f\u00edsica Baila con Ritmo, la fundaci\u00f3n Dama del Sur (Damasur), presidida por la primera dama Franciela N\u00fa\u00f1ez de Fern\u00e1ndez, celebr\u00f3 con una jornada de alegr\u00eda y movimiento los beneficios de la bailoterapia en la salud de los vecinos de San Francisco.<\/p>\n\n\n\n<p>Desde la plataforma de Polisur, en la Circunvalaci\u00f3n 1, los sanfranciscanos asistieron en familia para disfrutar de una tarde diferente, llena de ejercicios, alegr\u00eda, m\u00fasica y diversi\u00f3n con la gu\u00eda de instructores especializados en esta disciplina.<\/p>\n\n\n\n<figure class=\"wp-block-image size-large\"><img fetchpriority=\"high\" decoding=\"async\" width=\"1024\" height=\"680\" src=\"https:\/\/entretormentas.com\/wp-content\/uploads\/2025\/05\/BAILO2-1024x680.jpg\" alt=\"\" class=\"wp-image-16183\" srcset=\"https:\/\/entretormentas.com\/wp-content\/uploads\/2025\/05\/BAILO2-1024x680.jpg 1024w, https:\/\/entretormentas.com\/wp-content\/uploads\/2025\/05\/BAILO2-300x199.jpg 300w, https:\/\/entretormentas.com\/wp-content\/uploads\/2025\/05\/BAILO2-768x510.jpg 768w, https:\/\/entretormentas.com\/wp-content\/uploads\/2025\/05\/BAILO2.jpg 1280w\" sizes=\"(max-width: 1024px) 100vw, 1024px\" \/><\/figure>\n\n\n\n<p>Baila con Ritmo forma parte del plan estrat\u00e9gico que el alcalde de San Francisco, Gustavo Fern\u00e1ndez, ha desplegado en los diferentes sectores del municipio sure\u00f1o para garantizar bienestar y atenci\u00f3n integral a las familias, a trav\u00e9s de clases gratuitas de ejercicio r\u00edtmico, afirm\u00f3 la primera dama.<\/p>\n\n\n\n<p>\u00abHoy nos reunimos no solo para celebrar un aniversario, sino para reconocer los beneficios de la bailoterapia en la salud de nuestros queridos vecinos. Cada clase es mucho m\u00e1s que una rutina de pasos: es un espacio donde las asistentes entregan su coraz\u00f3n, dejan atr\u00e1s las preocupaciones y comparten su esencia con pasi\u00f3n,\u00bb explic\u00f3 N\u00fa\u00f1ez de Fern\u00e1ndez.<\/p>\n\n\n\n<p><strong>BIENESTAR DE LAS FAMILIAS<\/strong><br>Los asistentes manifestaron sentirse complacidos y agradecieron la iniciativa de la Alcald\u00eda de San Francisco y Damasur. \u00abGracias a la bailoterapia desaparecieron los dolores que padec\u00eda. Me siento alegre, me relaciono con otras personas, tengo una mente positiva y me permite no estar encerrada en casa,\u00bb declar\u00f3 Sikiu Medina.<\/p>\n\n\n\n<p>De igual manera, Omaira Contreras expres\u00f3 que este tipo de actividades le ha ayudado a mejorar su salud, brind\u00e1ndole un rato de distracci\u00f3n y sano esparcimiento. Por su parte, Maryolis Cortez se\u00f1al\u00f3: \u00abHemos evolucionado muy bien; en mi caso, he bajado 12 kilos de peso. Tengo m\u00e1s energ\u00eda, \u00e1nimo y me siento perfectamente bien.\u00bb<\/p>\n\n\n\n<figure class=\"wp-block-image size-large\"><img decoding=\"async\" width=\"1024\" height=\"680\" src=\"https:\/\/entretormentas.com\/wp-content\/uploads\/2025\/05\/BAILO3-1024x680.jpg\" alt=\"\" class=\"wp-image-16184\" srcset=\"https:\/\/entretormentas.com\/wp-content\/uploads\/2025\/05\/BAILO3-1024x680.jpg 1024w, https:\/\/entretormentas.com\/wp-content\/uploads\/2025\/05\/BAILO3-300x199.jpg 300w, https:\/\/entretormentas.com\/wp-content\/uploads\/2025\/05\/BAILO3-768x510.jpg 768w, https:\/\/entretormentas.com\/wp-content\/uploads\/2025\/05\/BAILO3.jpg 1280w\" sizes=\"(max-width: 1024px) 100vw, 1024px\" \/><\/figure>\n\n\n\n<p>Actualmente, hay seis puntos de bailoterapia que ofrecen clases gratuitas en las parroquias San Francisco, Marcial Hern\u00e1ndez, Los Cortijos, Francisco Ochoa y El Bajo, en el turno de la tarde de lunes a viernes:<\/p>\n\n\n\n<p>-Circunvalaci\u00f3n 1, plataforma de Polisur. Lunes a viernes. 6:00 p.m.<\/p>\n\n\n\n<p>-Sierra Maestra, Escuela B\u00e1sica Beinilda \u00c1vila de Moreno. Lunes a jueves. 5:30 p.m.<\/p>\n\n\n\n<p>-Km 12, v\u00eda Perij\u00e1, sector Los Pozos. Lunes a jueves. 6:00 p.m.<\/p>\n\n\n\n<p>-Sur Am\u00e9rica, Cancha Disney Medina. Lunes a viernes. 5:30 p.m.<\/p>\n\n\n\n<p>-Isla de la Fantas\u00eda, Secretar\u00eda Parroquial. Lunes a viernes. 5:45 p.m.<\/p>\n\n\n\n<p>-Urbanizaci\u00f3n La Coromoto, Estacionamiento de la Alcald\u00eda de San Francisco. Lunes a viernes. 6:00 p.m.<\/p>\n\n\n\n<p>Aunado a estas jornadas, los ciudadanos de San Francisco pueden disfrutar los martes y jueves, desde las 5:45 p.m., de clases de yoga en la caminer\u00eda de las instalaciones del Ateneo Juan de Dios Mart\u00ednez.<\/p>\n\n\n\n<p>La presidente de Damasur y primera dama de San Francisco, Franciela N\u00fa\u00f1ez de Fern\u00e1ndez, reiter\u00f3 su compromiso de continuar impulsando este tipo de programas en el municipio. \u00abSeguiremos adelante con la misma meta: cuidar el bienestar de las familias a trav\u00e9s del baile y la m\u00fasica\u00bb, finaliz\u00f3.<br><strong><em>ET \/ Alcald\u00eda de San Francisco<\/em><\/strong><\/p>\n\n\n\n<p><\/p>\n","protected":false},"excerpt":{"rendered":"<p>ENTRE TORMENTAS. En el marco del segundo aniversario del programa de actividad f\u00edsica Baila con&#8230;<\/p>\n","protected":false},"author":2,"featured_media":16185,"comment_status":"closed","ping_status":"open","sticky":false,"template":"","format":"standard","meta":{"footnotes":""},"categories":[1],"tags":[],"class_list":["post-16182","post","type-post","status-publish","format-standard","has-post-thumbnail","hentry","category-regionales"],"_links":{"self":[{"href":"https:\/\/entretormentas.com\/index.php?rest_route=\/wp\/v2\/posts\/16182","targetHints":{"allow":["GET"]}}],"collection":[{"href":"https:\/\/entretormentas.com\/index.php?rest_route=\/wp\/v2\/posts"}],"about":[{"href":"https:\/\/entretormentas.com\/index.php?rest_route=\/wp\/v2\/types\/post"}],"author":[{"embeddable":true,"href":"https:\/\/entretormentas.com\/index.php?rest_route=\/wp\/v2\/users\/2"}],"replies":[{"embeddable":true,"href":"https:\/\/entretormentas.com\/index.php?rest_route=%2Fwp%2Fv2%2Fcomments&post=16182"}],"version-history":[{"count":1,"href":"https:\/\/entretormentas.com\/index.php?rest_route=\/wp\/v2\/posts\/16182\/revisions"}],"predecessor-version":[{"id":16186,"href":"https:\/\/entretormentas.com\/index.php?rest_route=\/wp\/v2\/posts\/16182\/revisions\/16186"}],"wp:featuredmedia":[{"embeddable":true,"href":"https:\/\/entretormentas.com\/index.php?rest_route=\/wp\/v2\/media\/16185"}],"wp:attachment":[{"href":"https:\/\/entretormentas.com\/index.php?rest_route=%2Fwp%2Fv2%2Fmedia&parent=16182"}],"wp:term":[{"taxonomy":"category","embeddable":true,"href":"https:\/\/entretormentas.com\/index.php?rest_route=%2Fwp%2Fv2%2Fcategories&post=16182"},{"taxonomy":"post_tag","embeddable":true,"href":"https:\/\/entretormentas.com\/index.php?rest_route=%2Fwp%2Fv2%2Ftags&post=16182"}],"curies":[{"name":"wp","href":"https:\/\/api.w.org\/{rel}","templated":true}]}}