{"id":16192,"date":"2025-05-06T10:34:58","date_gmt":"2025-05-06T08:34:58","guid":{"rendered":"https:\/\/entretormentas.com\/?p=16192"},"modified":"2025-05-06T10:34:59","modified_gmt":"2025-05-06T08:34:59","slug":"senalamiento-gran-polo-patriotico-pide-a-la-contraloria-regional-investigar-el-proyecto-zona-11","status":"publish","type":"post","link":"https:\/\/entretormentas.com\/senalamiento-gran-polo-patriotico-pide-a-la-contraloria-regional-investigar-el-proyecto-zona-11\/","title":{"rendered":"\u00a1SE\u00d1ALAMIENTO! Gran Polo Patri\u00f3tico pide a la contralor\u00eda regional investigar el proyecto zona 11"},"content":{"rendered":"\n<p><strong>ENTRE TORMENTAS.<\/strong> Jessi Gasc\u00f3n, jefa de la fracci\u00f3n del Gran Polo Patri\u00f3tico del Concejo municipal de Maracaibo, inform\u00f3 a trav\u00e9s de un encuentro con los medios de comunicaci\u00f3n este martes 5 de mayo, que solicitaron a la contralor\u00eda regional una investigaci\u00f3n por el proyecto Zona 11.<\/p>\n\n\n\n<p>Gasc\u00f3n destac\u00f3 la preocupaci\u00f3n por la supuesta vinculaci\u00f3n del Gobernador Manuel Rosales y varios miembros de su gabinete en lo que ella califica como una trama que involucra a diversas empresas privadas. Seg\u00fan sus declaraciones, esta situaci\u00f3n afecta tanto la gesti\u00f3n p\u00fablica como la construcci\u00f3n t\u00e9cnica del bulevar recreacional del proyecto Zona 11.<\/p>\n\n\n\n<p>La concejal enfatiz\u00f3 que consignaron un expediente ante la contralor\u00eda del estado Zulia para solicitar al contralor regional, Jeffri Leal, que inicie una investigaci\u00f3n exhaustiva sobre este asunto que seg\u00fan ella, puede considerar un il\u00edcito, se\u00f1al\u00f3 la concejal. .<\/p>\n\n\n\n<p>\u00abEs el proyecto pantalla, m\u00e1s importante que desde el 2023 se viene desarrollando en Maracaibo , hoy queremos denunciar la vinculaci\u00f3n del Gobernador Manuel Rosales y de varios de su gabinete, en esta trama que vincula a varias empresas privados y varios procesos en el desarrollo del proyecto desde el punto de vista de gesti\u00f3n p\u00fablica, en la construcci\u00f3n del proyecto desde el punto de vista t\u00e9cnico y de gesti\u00f3n publica del boulevard recreacional zona 11\u00bb, dijo Gasc\u00f3n<\/p>\n\n\n\n<p>Indic\u00f3 que el documento tienen m\u00e1s de 250 folios en lo que dejan prueba, \u00abno solo del desv\u00edo de recursos, sino a dem\u00e1s de delitos tipificado en la ley contra la corrupci\u00f3n como el conflicto de intereses , el concierto de contratista, como hay actores que han querido pagarse y darse el vuelto\u00bb.<\/p>\n\n\n\n<p>Seg\u00fan Gasc\u00f3n, el gobierno de Rosales y su secretariado de gobierno est\u00e1n integrados por los mismos ingenieros residentes que son candidatos a contratistas, lo que genera un conflicto de intereses. Adem\u00e1s, se\u00f1al\u00f3 que estos mismos funcionarios son los jefes del voluntariado, \u00ablo que refuerza la idea de un ciclo de malversaci\u00f3n de fondos\u00bb. Destac\u00f3 que esta situaci\u00f3n es preocupante y requiere una investigaci\u00f3n exhaustiva.<\/p>\n\n\n\n<p>La concejala tambi\u00e9n expres\u00f3 que es momento de discutir la vacante en el municipio Maracaibo, argumentando que al alcalde Adri\u00e1n Romero \u00able qued\u00f3 grande\u00bb la gesti\u00f3n de la ciudad. Romero tiene una reprogramaci\u00f3n presupuestaria pendiente y su equipo de Primero Justicia tiene \u00abmucha tela que cortar\u00bb para esclarecer la situaci\u00f3n y acabar con la incertidumbre en Maracaibo.<br><strong><em>ET \/ Foco Informativo<\/em><\/strong><\/p>\n\n\n\n<p><\/p>\n","protected":false},"excerpt":{"rendered":"<p>ENTRE TORMENTAS. Jessi Gasc\u00f3n, jefa de la fracci\u00f3n del Gran Polo Patri\u00f3tico del Concejo municipal&#8230;<\/p>\n","protected":false},"author":2,"featured_media":16193,"comment_status":"closed","ping_status":"open","sticky":false,"template":"","format":"standard","meta":{"footnotes":""},"categories":[57,1],"tags":[],"class_list":["post-16192","post","type-post","status-publish","format-standard","has-post-thumbnail","hentry","category-actualidad","category-regionales"],"_links":{"self":[{"href":"https:\/\/entretormentas.com\/index.php?rest_route=\/wp\/v2\/posts\/16192","targetHints":{"allow":["GET"]}}],"collection":[{"href":"https:\/\/entretormentas.com\/index.php?rest_route=\/wp\/v2\/posts"}],"about":[{"href":"https:\/\/entretormentas.com\/index.php?rest_route=\/wp\/v2\/types\/post"}],"author":[{"embeddable":true,"href":"https:\/\/entretormentas.com\/index.php?rest_route=\/wp\/v2\/users\/2"}],"replies":[{"embeddable":true,"href":"https:\/\/entretormentas.com\/index.php?rest_route=%2Fwp%2Fv2%2Fcomments&post=16192"}],"version-history":[{"count":1,"href":"https:\/\/entretormentas.com\/index.php?rest_route=\/wp\/v2\/posts\/16192\/revisions"}],"predecessor-version":[{"id":16194,"href":"https:\/\/entretormentas.com\/index.php?rest_route=\/wp\/v2\/posts\/16192\/revisions\/16194"}],"wp:featuredmedia":[{"embeddable":true,"href":"https:\/\/entretormentas.com\/index.php?rest_route=\/wp\/v2\/media\/16193"}],"wp:attachment":[{"href":"https:\/\/entretormentas.com\/index.php?rest_route=%2Fwp%2Fv2%2Fmedia&parent=16192"}],"wp:term":[{"taxonomy":"category","embeddable":true,"href":"https:\/\/entretormentas.com\/index.php?rest_route=%2Fwp%2Fv2%2Fcategories&post=16192"},{"taxonomy":"post_tag","embeddable":true,"href":"https:\/\/entretormentas.com\/index.php?rest_route=%2Fwp%2Fv2%2Ftags&post=16192"}],"curies":[{"name":"wp","href":"https:\/\/api.w.org\/{rel}","templated":true}]}}