{"id":16199,"date":"2025-05-06T10:41:50","date_gmt":"2025-05-06T08:41:50","guid":{"rendered":"https:\/\/entretormentas.com\/?p=16199"},"modified":"2025-05-06T10:41:50","modified_gmt":"2025-05-06T08:41:50","slug":"alcaldia-activa-maracaibo-sin-desbordamientos-de-canadas-tras-lluvias-de-las-ultimas-horas","status":"publish","type":"post","link":"https:\/\/entretormentas.com\/alcaldia-activa-maracaibo-sin-desbordamientos-de-canadas-tras-lluvias-de-las-ultimas-horas\/","title":{"rendered":"\u00a1ALCALD\u00cdA ACTIVA! Maracaibo sin desbordamientos de ca\u00f1adas tras lluvias de las \u00faltimas horas"},"content":{"rendered":"\n<p><strong>ENTRE TORMENTAS. <\/strong>El mantenimiento que la Alcald\u00eda de Maracaibo a trav\u00e9s del Instituto Municipal de Ambiente (IMA) viene realizando en las ca\u00f1adas de la ciudad permiti\u00f3 que no se registraran desbordamientos ante la llegada de las lluvias, as\u00ed lo inform\u00f3 el alcalde encargado Adri\u00e1n Romero Mart\u00ednez durante el Balance de Gesti\u00f3n y Transparencia n\u00famero 123.<\/p>\n\n\n\n<p>\u201cDesde el a\u00f1o 2021 venimos haciendo un mantenimiento importante de todas las ca\u00f1adas de Maracaibo, trabajo que ha hecho que las constantes lluvias que se han registrado finalizando abril y comenzando mayo no originaran desbordamiento de ca\u00f1adas\u201d, explic\u00f3 Romero Mart\u00ednez.<\/p>\n\n\n\n<p>Detall\u00f3 que la ca\u00f1ada F\u00e9nix, en el tramo del barrio Zulia y Miraflores, fluy\u00f3 con normalidad. \u201cLos cauces llegaron casi al l\u00edmite, pero esto quiere decir que est\u00e1 funcionando el abordaje que est\u00e1 haciendo constantemente el IMA.<\/p>\n\n\n\n<p>\u201cAhorita estamos en la ca\u00f1ada Chocolate, en Cristo de Aranza; en Santa Luc\u00eda, donde se present\u00f3 una situaci\u00f3n en cuatro viviendas que de una vez dimos respuestas, y en Don Bosco atendemos un tema de drenajes que se present\u00f3, pero en l\u00ednea generales estamos atentos con los equipos de Bomberos y Protecci\u00f3n Civil que apoyan en el Plan de Alerta Temprana para identificar las zonas vulnerables y atenderlas\u201d, mencion\u00f3.<\/p>\n\n\n\n<p><strong>TRABAJO SEMANAL<\/strong><br>El alcalde encargado indic\u00f3 que la semana del 28 de abril al 2 de mayo dej\u00f3 resultados positivos con la instalaci\u00f3n del primer pozo de agua artesiano en Maracaibo, espec\u00edficamente en la parroquia Antonio Borjas Romero.<\/p>\n\n\n\n<p>\u201cBeneficiamos a 600 familias de las comunidades Estrella de Bel\u00e9n, Hanc\u00f3n, Santa Ana y Manantial del Cuji\u00ed. Desde hace m\u00e1s de 25 a\u00f1os la comunidad no ten\u00eda c\u00f3mo abastecerse de agua y las fallas el\u00e9ctricas hac\u00edan dif\u00edcil la instalaci\u00f3n de un pozo, los paneles solares y el pozo vienen a brindar una importante soluci\u00f3n\u201d, destac\u00f3.<\/p>\n\n\n\n<figure class=\"wp-block-image size-large\"><img fetchpriority=\"high\" decoding=\"async\" width=\"1024\" height=\"682\" src=\"https:\/\/entretormentas.com\/wp-content\/uploads\/2025\/05\/adrianr2-1024x682.jpg\" alt=\"\" class=\"wp-image-16200\" srcset=\"https:\/\/entretormentas.com\/wp-content\/uploads\/2025\/05\/adrianr2-1024x682.jpg 1024w, https:\/\/entretormentas.com\/wp-content\/uploads\/2025\/05\/adrianr2-300x200.jpg 300w, https:\/\/entretormentas.com\/wp-content\/uploads\/2025\/05\/adrianr2-768x512.jpg 768w, https:\/\/entretormentas.com\/wp-content\/uploads\/2025\/05\/adrianr2-1536x1023.jpg 1536w, https:\/\/entretormentas.com\/wp-content\/uploads\/2025\/05\/adrianr2.jpg 1600w\" sizes=\"(max-width: 1024px) 100vw, 1024px\" \/><\/figure>\n\n\n\n<p>Puntualiz\u00f3 que ya fueron atendidas 10 parroquias en lo que va de 2025 con las Jornadas Integrales de Infraestructuras, las cuales constan de bacheo en v\u00edas principales y secundarias, rehabilitaci\u00f3n de redes de gas, mantenimiento de bocas de vistas y colectores, limpieza de drenajes y fumigaci\u00f3n.<\/p>\n\n\n\n<p>Romero Mart\u00ednez se\u00f1al\u00f3 que tambi\u00e9n la municipalidad llev\u00f3 una jornada integral de salud al barrio Etnia Guajira, de la parroquia Venancio Pulgar, donde se atendieron a m\u00e1s de 200 personas con salud, a m\u00e1s de 300 con fumigaci\u00f3n y a 25 familias con achique de pozos.<\/p>\n\n\n\n<p>Romero Mart\u00ednez precis\u00f3 que se logr\u00f3 la impermeabilizaci\u00f3n de la torre Dominica, del conjunto residencial Saint Thomas, beneficiando a 100 familias. \u00abEste es el proyecto n\u00famero 16 entregado por la Alcald\u00eda en los primeros cuatro meses de 2025\u00bb.<\/p>\n\n\n\n<p>El alcalde encardado apunt\u00f3 que las soluciones de gas llegaron a las comunidades de la parroquia Bol\u00edvar con los trabajos de un pase a\u00e9reo e instalaci\u00f3n de 11,60 metros de tuber\u00edas de acero, beneficiando a 500 personas, adem\u00e1s con el programa Cocinando Seguro se benefici\u00f3 a 50 adultos mayores del Club de Abuelos El Robledal.<\/p>\n\n\n\n<p>Por el D\u00eda del Trabajador, Romero Mart\u00ednez expres\u00f3 que la Alcald\u00eda conmemor\u00f3 a sus servidores p\u00fablicos con dos jornadas de Feria Alimentaria del Sol en las que se dispusieron m\u00e1s de 30 toneladas de alimentos, entre prote\u00ednas, v\u00edveres y productos agr\u00edcolas.<\/p>\n\n\n\n<p><strong>MURAL DE COLORES Y RUTA PATRIMONIAL<\/strong><br>El alcalde encargado finaliz\u00f3 el Balance Semanal destacando la creaci\u00f3n de un mural comunitario llamado \u201cLa Far\u00eda en Colores\u201d, en la parroquia Idelfonso V\u00e1squez, \u201cPara celebrar el d\u00eda del dise\u00f1ador gr\u00e1fico, tres artistas  marabinos unieron su talento para crear un mural de 102 metros, ubicado en la urbanizaci\u00f3n Ciudadela Far\u00eda\u201d, preciso.<\/p>\n\n\n\n<p>Adem\u00e1s, inform\u00f3 que Tranv\u00eda de Maracaibo recibi\u00f3 certificaci\u00f3n oficial del Ministerio de Turismo por ruta patrimonial.<\/p>\n\n\n\n<p>\u201cEst\u00e1 certificaci\u00f3n valida el esfuerzo de la alcald\u00eda de Maracaibo de preservar y difundir la riqueza hist\u00f3rica y cultural de la ciudad. est\u00e1 certificaci\u00f3n valida el esfuerzo de la alcald\u00eda de Maracaibo de preservar y difundir la riqueza hist\u00f3rica y cultural de la ciudad\u201d, finaliz\u00f3.<br><strong><em>ET \/ DCI Alcald\u00eda de Maracaibo<\/em><\/strong><\/p>\n\n\n\n<p><\/p>\n","protected":false},"excerpt":{"rendered":"<p>ENTRE TORMENTAS. El mantenimiento que la Alcald\u00eda de Maracaibo a trav\u00e9s del Instituto Municipal de&#8230;<\/p>\n","protected":false},"author":2,"featured_media":16201,"comment_status":"closed","ping_status":"open","sticky":false,"template":"","format":"standard","meta":{"footnotes":""},"categories":[57,1],"tags":[],"class_list":["post-16199","post","type-post","status-publish","format-standard","has-post-thumbnail","hentry","category-actualidad","category-regionales"],"_links":{"self":[{"href":"https:\/\/entretormentas.com\/index.php?rest_route=\/wp\/v2\/posts\/16199","targetHints":{"allow":["GET"]}}],"collection":[{"href":"https:\/\/entretormentas.com\/index.php?rest_route=\/wp\/v2\/posts"}],"about":[{"href":"https:\/\/entretormentas.com\/index.php?rest_route=\/wp\/v2\/types\/post"}],"author":[{"embeddable":true,"href":"https:\/\/entretormentas.com\/index.php?rest_route=\/wp\/v2\/users\/2"}],"replies":[{"embeddable":true,"href":"https:\/\/entretormentas.com\/index.php?rest_route=%2Fwp%2Fv2%2Fcomments&post=16199"}],"version-history":[{"count":1,"href":"https:\/\/entretormentas.com\/index.php?rest_route=\/wp\/v2\/posts\/16199\/revisions"}],"predecessor-version":[{"id":16202,"href":"https:\/\/entretormentas.com\/index.php?rest_route=\/wp\/v2\/posts\/16199\/revisions\/16202"}],"wp:featuredmedia":[{"embeddable":true,"href":"https:\/\/entretormentas.com\/index.php?rest_route=\/wp\/v2\/media\/16201"}],"wp:attachment":[{"href":"https:\/\/entretormentas.com\/index.php?rest_route=%2Fwp%2Fv2%2Fmedia&parent=16199"}],"wp:term":[{"taxonomy":"category","embeddable":true,"href":"https:\/\/entretormentas.com\/index.php?rest_route=%2Fwp%2Fv2%2Fcategories&post=16199"},{"taxonomy":"post_tag","embeddable":true,"href":"https:\/\/entretormentas.com\/index.php?rest_route=%2Fwp%2Fv2%2Ftags&post=16199"}],"curies":[{"name":"wp","href":"https:\/\/api.w.org\/{rel}","templated":true}]}}