{"id":16215,"date":"2025-05-06T10:54:50","date_gmt":"2025-05-06T08:54:50","guid":{"rendered":"https:\/\/entretormentas.com\/?p=16215"},"modified":"2025-05-06T10:54:51","modified_gmt":"2025-05-06T08:54:51","slug":"felipe-mujica-unt-y-union-y-cambio-constituyen-el-bloque-opositor-mas-grande-para-el-25-m","status":"publish","type":"post","link":"https:\/\/entretormentas.com\/felipe-mujica-unt-y-union-y-cambio-constituyen-el-bloque-opositor-mas-grande-para-el-25-m\/","title":{"rendered":"FELIPE MUJICA: \u00abUNT y Uni\u00f3n y Cambio constituyen el bloque opositor m\u00e1s grande para el 25-M\u00bb"},"content":{"rendered":"\n<p><strong>ENTRE TORMENTAS. <\/strong>El secretario general del MAS, Felipe Mujica, advirti\u00f3 que se est\u00e1n irrespetando las condiciones electorales otorgadas siempre en otros procesos comiciales para que la campa\u00f1a electoral pueda realizarse sin ning\u00fan tipo de problemas, y se cumplan los pasos establecidos en el cronograma para la jornada del 25 de mayo.<\/p>\n\n\n\n<p>\u00abLa campa\u00f1a electoral comenz\u00f3 el pasado martes 29 de abril y finalizar\u00e1 el 21 de mayo, un lapso muy corto que nunca se hab\u00eda visto en Venezuela\u00bb.<\/p>\n\n\n\n<p>Indic\u00f3 que a pesar de estas lamentables circunstancias, debe insistirse en la necesidad de votar, porque al hacer uso de esta herramienta puede cambiarse la situaci\u00f3n en Venezuela de manera democr\u00e1tica, constitucional y electoral.<\/p>\n\n\n\n<p>Mujica rechaz\u00f3 las declaraciones del presidente de la Asamblea Nacional, Jorge Rodr\u00edguez, qui\u00e9n se\u00f1al\u00f3 la existencia de candidatos que est\u00e1n acusados de fascistas y de apoyar las sanciones contra Venezuela.<\/p>\n\n\n\n<p>\u201cAl \u00fanico que le compete, desde el punto de vista constitucional, si alg\u00fan ciudadano puede o no ser candidato es al Consejo Nacional Electoral. No tiene sentido hacer declaraciones gen\u00e9ricas sin que el \u00e1rbitro haya tomado alguna decisi\u00f3n\u00bb.<\/p>\n\n\n\n<p>Conden\u00f3 que tal aseveraci\u00f3n provenga del presidente del poder legislativo, con la cual se mantiene una narrativa que seguir\u00e1 llevando a los venezolanos a una confrontaci\u00f3n que nadie desea ni conviene.<\/p>\n\n\n\n<p>El dirigente pol\u00edtico hizo un llamado a la poblaci\u00f3n para que participe masivamente y elija a los candidatos que se encuentren en las mejores condiciones para derrotar al gobierno.<\/p>\n\n\n\n<p>Indic\u00f3 que el MAS forma parte del bloque pol\u00edtico donde est\u00e1n Henrique Capriles Radonski, Manuel Rosales y otras personalidades pol\u00edticas.<\/p>\n\n\n\n<p>\u00abEste el sector opositor m\u00e1s grande que hay, raz\u00f3n por la cual pedimos a los electores que voten por las tarjetas de Uni\u00f3n y Cambio, y de Un Nuevo Tiempo, para que podamos sumar el mayor n\u00famero de voluntades y tengamos nuevos gobernadores, legisladores y diputados a la Asamblea Nacional.<\/p>\n\n\n\n<p>En otro orden de ideas, el MAS manifest\u00f3 toda su solidaridad a los familiares del joven Jes\u00fas Amaro Bustamante, preso pol\u00edtico que se suicid\u00f3 en la c\u00e1rcel de Tocor\u00f3n ubicada en el estado Aragua.<\/p>\n\n\n\n<p>Mujica record\u00f3 que luego de las protestas constitucionales del pasado 28 de julio, un aproximado de 2 mil personas fueron detenidas y aunque una parte parte ha sido puesta en libertad, un n\u00famero significativo de venezolanos contin\u00faa tras las rejas sin que se cumpla el debido proceso previsto en las leyes y la Constituci\u00f3n Nacional.<br><strong><em>ET \/ Prensa MAS<\/em><\/strong><\/p>\n\n\n\n<p><\/p>\n","protected":false},"excerpt":{"rendered":"<p>ENTRE TORMENTAS. El secretario general del MAS, Felipe Mujica, advirti\u00f3 que se est\u00e1n irrespetando las&#8230;<\/p>\n","protected":false},"author":2,"featured_media":16216,"comment_status":"closed","ping_status":"open","sticky":false,"template":"","format":"standard","meta":{"footnotes":""},"categories":[56,49],"tags":[],"class_list":["post-16215","post","type-post","status-publish","format-standard","has-post-thumbnail","hentry","category-destacadas","category-nacionales"],"_links":{"self":[{"href":"https:\/\/entretormentas.com\/index.php?rest_route=\/wp\/v2\/posts\/16215","targetHints":{"allow":["GET"]}}],"collection":[{"href":"https:\/\/entretormentas.com\/index.php?rest_route=\/wp\/v2\/posts"}],"about":[{"href":"https:\/\/entretormentas.com\/index.php?rest_route=\/wp\/v2\/types\/post"}],"author":[{"embeddable":true,"href":"https:\/\/entretormentas.com\/index.php?rest_route=\/wp\/v2\/users\/2"}],"replies":[{"embeddable":true,"href":"https:\/\/entretormentas.com\/index.php?rest_route=%2Fwp%2Fv2%2Fcomments&post=16215"}],"version-history":[{"count":1,"href":"https:\/\/entretormentas.com\/index.php?rest_route=\/wp\/v2\/posts\/16215\/revisions"}],"predecessor-version":[{"id":16217,"href":"https:\/\/entretormentas.com\/index.php?rest_route=\/wp\/v2\/posts\/16215\/revisions\/16217"}],"wp:featuredmedia":[{"embeddable":true,"href":"https:\/\/entretormentas.com\/index.php?rest_route=\/wp\/v2\/media\/16216"}],"wp:attachment":[{"href":"https:\/\/entretormentas.com\/index.php?rest_route=%2Fwp%2Fv2%2Fmedia&parent=16215"}],"wp:term":[{"taxonomy":"category","embeddable":true,"href":"https:\/\/entretormentas.com\/index.php?rest_route=%2Fwp%2Fv2%2Fcategories&post=16215"},{"taxonomy":"post_tag","embeddable":true,"href":"https:\/\/entretormentas.com\/index.php?rest_route=%2Fwp%2Fv2%2Ftags&post=16215"}],"curies":[{"name":"wp","href":"https:\/\/api.w.org\/{rel}","templated":true}]}}