{"id":16240,"date":"2025-05-07T10:38:33","date_gmt":"2025-05-07T08:38:33","guid":{"rendered":"https:\/\/entretormentas.com\/?p=16240"},"modified":"2025-05-07T10:38:34","modified_gmt":"2025-05-07T08:38:34","slug":"comprometidos-gremio-del-transporte-anuncian-respaldo-a-luis-caldera-como-gobernador-del-zulia","status":"publish","type":"post","link":"https:\/\/entretormentas.com\/comprometidos-gremio-del-transporte-anuncian-respaldo-a-luis-caldera-como-gobernador-del-zulia\/","title":{"rendered":"\u00a1COMPROMETIDOS! Gremio del transporte anuncian respaldo a Luis Caldera como gobernador del Zulia"},"content":{"rendered":"\n<p><strong>ENTRE TORMENTAS. <\/strong>Hombres y mujeres que ofrecen el indispensable servicio del transporte en sus distintas modalidades en la regi\u00f3n, conocieron las propuestas del candidato a la Gobernaci\u00f3n del Zulia, Luis Caldera, quien igualmente escuch\u00f3 los planteamientos del gremio, conformado en el Comando de Campa\u00f1a Multimodal y Movimiento de Motorizados \u201cCon Luis Caldera Gobernador\u201d.<\/p>\n\n\n\n<p>Con 14 coordinaciones, entre las que figuran movilizaci\u00f3n, defensa del voto, puerta a puerta, enlace ind\u00edgena y 1&#215;10, entre otras, este comando bajo la coordinaci\u00f3n general de Roger Hern\u00e1ndez le garantiza al candidato por el Gran Polo Patri\u00f3tico Sim\u00f3n Bol\u00edvar (GPPSB) y el PSUV, 20 mil votos que suman para su victoria a la Gobernaci\u00f3n del Zulia, en las elecciones de este 25 de mayo, asegur\u00f3 Erasmo Ali\u00e1n, reconocido transportista de la entidad.<\/p>\n\n\n\n<figure class=\"wp-block-image size-large\"><img fetchpriority=\"high\" decoding=\"async\" width=\"1024\" height=\"683\" src=\"https:\/\/entretormentas.com\/wp-content\/uploads\/2025\/05\/lctranspo2-1024x683.jpg\" alt=\"\" class=\"wp-image-16241\" srcset=\"https:\/\/entretormentas.com\/wp-content\/uploads\/2025\/05\/lctranspo2-1024x683.jpg 1024w, https:\/\/entretormentas.com\/wp-content\/uploads\/2025\/05\/lctranspo2-300x200.jpg 300w, https:\/\/entretormentas.com\/wp-content\/uploads\/2025\/05\/lctranspo2-768x512.jpg 768w, https:\/\/entretormentas.com\/wp-content\/uploads\/2025\/05\/lctranspo2.jpg 1280w\" sizes=\"(max-width: 1024px) 100vw, 1024px\" \/><\/figure>\n\n\n\n<p>Caldera expres\u00f3 que la fuerza del cambio para el Zulia se sigue expandiendo con el pueblo zuliano y, en este caso con el sector transporte en diferentes \u00e1reas y organizaciones, entre los que cuentan motocicletas, autos por puesto, autobuses, microbuses, que garantizan el traslado al pueblo zuliano a sus sitios de trabajo, de educaci\u00f3n, de salud.<\/p>\n\n\n\n<p>\u201cPara nosotros es un inmenso honor que, en esta ruta victoriosa del Zulia bueno, pr\u00f3spero y grande, el transporte est\u00e9 en la vanguardia. Escuchamos sus propuestas para el plan de gobierno, que tendr\u00e1 una estricta coordinaci\u00f3n con el presidente Nicol\u00e1s Maduro, con el Ministerio de Transporte y con el pueblo organizado\u201d, manifest\u00f3.<\/p>\n\n\n\n<p><strong>PUEBLO TRNSPORTISTA<\/strong><br>Oscar Gonz\u00e1lez, representante del Transporte Multimodal de la Baja, Media y Alta Guajira, destac\u00f3 que su \u201ctropa\u201d est\u00e1 resteada con Caldera, que viene a unificar el trasporte ind\u00edgena multimodal en el Zulia, otorgando un CPS ind\u00edgena especial para la prestaci\u00f3n del servicio.<\/p>\n\n\n\n<p>\u201cLuis representa la unidad de los pueblos y comunidades ind\u00edgenas. Por primera vez en los 532 a\u00f1os de resistencia tenemos a un tawala en el Zulia que viene a reivindicar los derechos constitucionales de los transportistas multimodal\u201d, asegur\u00f3.<\/p>\n\n\n\n<figure class=\"wp-block-image size-large\"><img decoding=\"async\" width=\"1024\" height=\"768\" src=\"https:\/\/entretormentas.com\/wp-content\/uploads\/2025\/05\/lctranspo3-1024x768.jpg\" alt=\"\" class=\"wp-image-16242\" srcset=\"https:\/\/entretormentas.com\/wp-content\/uploads\/2025\/05\/lctranspo3-1024x768.jpg 1024w, https:\/\/entretormentas.com\/wp-content\/uploads\/2025\/05\/lctranspo3-300x225.jpg 300w, https:\/\/entretormentas.com\/wp-content\/uploads\/2025\/05\/lctranspo3-768x576.jpg 768w, https:\/\/entretormentas.com\/wp-content\/uploads\/2025\/05\/lctranspo3.jpg 1280w\" sizes=\"(max-width: 1024px) 100vw, 1024px\" \/><\/figure>\n\n\n\n<p>En representaci\u00f3n de la l\u00ednea de mototaxi El Manzanillo y de la cooperativa Sim\u00f3n, Henry Delgado, sostuvo que los motoristas estar\u00e1n movilizados en la b\u00fasqueda y defensa del voto para el candidato de la Patria en el Zulia, quien tiene propuestas para todos los sectores y \u00e1reas, con quienes tambi\u00e9n gobernar\u00e1 el estado.<\/p>\n\n\n\n<p>Mientras tanto, Francisco Gonz\u00e1lez, de la Federaci\u00f3n de Transporte del estado Zulia, conf\u00eda en darle el voto a Caldera, porque \u201ces un compa\u00f1ero de luchas, viene desde las bases y trae una experiencia de un gobierno de logros\u201d.<\/p>\n\n\n\n<p>Igualmente, Luz Melissa Gonz\u00e1lez, representante de los transportistas del equipo de motorizados, expres\u00f3 su compromiso, junto a su equipo, de no descansar estas \u00faltimas semanas en recoger el 1&#215;10 e invitar a la gente a que salga a votar por quien protagonizar\u00e1 un gobierno de soluciones.<br><strong><em>ET \/ Prensa PSUV Zulia<\/em><\/strong><\/p>\n\n\n\n<p><\/p>\n","protected":false},"excerpt":{"rendered":"<p>ENTRE TORMENTAS. Hombres y mujeres que ofrecen el indispensable servicio del transporte en sus distintas&#8230;<\/p>\n","protected":false},"author":2,"featured_media":16243,"comment_status":"closed","ping_status":"open","sticky":false,"template":"","format":"standard","meta":{"footnotes":""},"categories":[57,1],"tags":[],"class_list":["post-16240","post","type-post","status-publish","format-standard","has-post-thumbnail","hentry","category-actualidad","category-regionales"],"_links":{"self":[{"href":"https:\/\/entretormentas.com\/index.php?rest_route=\/wp\/v2\/posts\/16240","targetHints":{"allow":["GET"]}}],"collection":[{"href":"https:\/\/entretormentas.com\/index.php?rest_route=\/wp\/v2\/posts"}],"about":[{"href":"https:\/\/entretormentas.com\/index.php?rest_route=\/wp\/v2\/types\/post"}],"author":[{"embeddable":true,"href":"https:\/\/entretormentas.com\/index.php?rest_route=\/wp\/v2\/users\/2"}],"replies":[{"embeddable":true,"href":"https:\/\/entretormentas.com\/index.php?rest_route=%2Fwp%2Fv2%2Fcomments&post=16240"}],"version-history":[{"count":1,"href":"https:\/\/entretormentas.com\/index.php?rest_route=\/wp\/v2\/posts\/16240\/revisions"}],"predecessor-version":[{"id":16244,"href":"https:\/\/entretormentas.com\/index.php?rest_route=\/wp\/v2\/posts\/16240\/revisions\/16244"}],"wp:featuredmedia":[{"embeddable":true,"href":"https:\/\/entretormentas.com\/index.php?rest_route=\/wp\/v2\/media\/16243"}],"wp:attachment":[{"href":"https:\/\/entretormentas.com\/index.php?rest_route=%2Fwp%2Fv2%2Fmedia&parent=16240"}],"wp:term":[{"taxonomy":"category","embeddable":true,"href":"https:\/\/entretormentas.com\/index.php?rest_route=%2Fwp%2Fv2%2Fcategories&post=16240"},{"taxonomy":"post_tag","embeddable":true,"href":"https:\/\/entretormentas.com\/index.php?rest_route=%2Fwp%2Fv2%2Ftags&post=16240"}],"curies":[{"name":"wp","href":"https:\/\/api.w.org\/{rel}","templated":true}]}}