{"id":16250,"date":"2025-05-07T10:47:20","date_gmt":"2025-05-07T08:47:20","guid":{"rendered":"https:\/\/entretormentas.com\/?p=16250"},"modified":"2025-05-07T10:47:20","modified_gmt":"2025-05-07T08:47:20","slug":"gestion-evidente-rosales-culmina-exitosa-gira-por-el-sur-del-lago-y-prepara-nuevos-recorridos","status":"publish","type":"post","link":"https:\/\/entretormentas.com\/gestion-evidente-rosales-culmina-exitosa-gira-por-el-sur-del-lago-y-prepara-nuevos-recorridos\/","title":{"rendered":"\u00a1GESTI\u00d3N EVIDENTE! Rosales culmina exitosa gira por el Sur del Lago y prepara nuevos recorridos"},"content":{"rendered":"\n<p><strong>ENTRE TORMENTAS.<\/strong> Col\u00f3n, Catatumbo, Francisco Javier Pulgar, Sucre y Baralt fueron los territorios a donde el Mandatario llev\u00f3, junto al gabinete Ejecutivo, m\u00e1s de diez jornadas m\u00e9dicosociales, cuatro centros m\u00e9dicos -incluido el de Santa B\u00e1rbara, que es de Tipo III- y m\u00faltiples inspecciones que dar\u00e1n paso a nuevas inauguraciones en las pr\u00f3ximas semanas.<\/p>\n\n\n\n<p><strong>BARALT, \u00daLTIMA PARADA<br><\/strong>Desde San Timoteo, en el municipio Baralt, Rosales encabez\u00f3 una reuni\u00f3n pol\u00edtica y varias jornadas m\u00e9dicoasistenciales. La primera fue del programa \u00abBarrio a Barrio\u00bb, que presta servicios de medicina general, pediatr\u00eda, odontolog\u00eda y ex\u00e1menes cardiovasculares, todo acompa\u00f1ado de medicamentos gratis.<\/p>\n\n\n\n<p>\u00abAdem\u00e1s est\u00e1 todo el proceso de inmunizaci\u00f3n, vacunaci\u00f3n, de hospital y percepci\u00f3n de diabetes\u00bb, dijo Rosales. \u00abSe est\u00e1 vacunando contra la polio, pentavalente, fiebre amarilla, la trivalente y tratamientos para la desparasitaci\u00f3n. Todo eso lo hacemos\u00bb, revel\u00f3.<\/p>\n\n\n\n<figure class=\"wp-block-image size-large\"><img fetchpriority=\"high\" decoding=\"async\" width=\"1024\" height=\"681\" src=\"https:\/\/entretormentas.com\/wp-content\/uploads\/2025\/05\/mrsdl4-1024x681.jpg\" alt=\"\" class=\"wp-image-16251\" srcset=\"https:\/\/entretormentas.com\/wp-content\/uploads\/2025\/05\/mrsdl4-1024x681.jpg 1024w, https:\/\/entretormentas.com\/wp-content\/uploads\/2025\/05\/mrsdl4-300x199.jpg 300w, https:\/\/entretormentas.com\/wp-content\/uploads\/2025\/05\/mrsdl4-768x511.jpg 768w, https:\/\/entretormentas.com\/wp-content\/uploads\/2025\/05\/mrsdl4.jpg 1280w\" sizes=\"(max-width: 1024px) 100vw, 1024px\" \/><\/figure>\n\n\n\n<p><strong>M\u00c1S SALUD<\/strong><br>Rosales dej\u00f3 San Timoteo, no sin antes inspeccionar la escuela \u00abRafael Mar\u00eda Baralt\u00bb. Posteriormente se dirigi\u00f3 al Complejo Ferial, donde se reuni\u00f3 con una representaci\u00f3n de los ganaderos para culminar el recinto y hacer que la pr\u00f3xima feria sea una de las mejores del estado. \u00bb como estamos apoyando en todos los municipios\u00bb, asegur\u00f3 el Mandatario. \u00abNo solo en los programas contra la aftosa, sino en la vialidad rural, los programas importantes de vacunaci\u00f3n de ganado, y la dotaci\u00f3n de equipos a peque\u00f1os y medianos productores\u00bb.<\/p>\n\n\n\n<p>Luego visit\u00f3 la jornada del programa Con Buenos Ojos, en la Casa de la Cultura, donde se atendieron m\u00e1s de 500 familias con diversas situaciones. En este programa, una de las banderas del \u00e1rea de salud, se diagnostica a los pacientes y se les suministran las lentes correctivas en los casos que correspondan. Los casos m\u00e1s graves, que no encajan en los de presbicia, astigmatismo, miop\u00edas o similares, son remitidos al programa Signo Vital para programar intervenciones quir\u00fargicas.<\/p>\n\n\n\n<figure class=\"wp-block-image size-large\"><img decoding=\"async\" width=\"1024\" height=\"681\" src=\"https:\/\/entretormentas.com\/wp-content\/uploads\/2025\/05\/mrsdl2-1024x681.jpg\" alt=\"\" class=\"wp-image-16252\" srcset=\"https:\/\/entretormentas.com\/wp-content\/uploads\/2025\/05\/mrsdl2-1024x681.jpg 1024w, https:\/\/entretormentas.com\/wp-content\/uploads\/2025\/05\/mrsdl2-300x199.jpg 300w, https:\/\/entretormentas.com\/wp-content\/uploads\/2025\/05\/mrsdl2-768x511.jpg 768w, https:\/\/entretormentas.com\/wp-content\/uploads\/2025\/05\/mrsdl2.jpg 1280w\" sizes=\"(max-width: 1024px) 100vw, 1024px\" \/><\/figure>\n\n\n\n<p><strong>EDUCACI\u00d3N SIEMPRE PRESENTE<\/strong><br>Poco antes de cerrar la gira con la inauguraci\u00f3n de la primera fase del hospital Tipo II \u00abLuis Razetti\u00bb, Rosales inspeccion\u00f3 la escuela Rafael Urdaneta y los trabajos que all\u00ed se adelantan.<\/p>\n\n\n\n<p>\u00abYa empezamos a recuperar esto que estaba en escombros\u00bb, dijo el Gobernador. \u00abYa vi que le pusimos m\u00fasica, se ven las primeras manifestaciones culturales. Aqu\u00ed tenemos que crear un n\u00facleo de la orquesta sinf\u00f3nica, crear los grupos de danza, ya vi que hay grupos de canto, de declamaci\u00f3n, se est\u00e1 armando el conjunto de gaitas, es algo muy positivo\u00bb.<\/p>\n\n\n\n<figure class=\"wp-block-image size-large\"><img decoding=\"async\" width=\"1024\" height=\"682\" src=\"https:\/\/entretormentas.com\/wp-content\/uploads\/2025\/05\/mrsdl3-1024x682.jpg\" alt=\"\" class=\"wp-image-16253\" srcset=\"https:\/\/entretormentas.com\/wp-content\/uploads\/2025\/05\/mrsdl3-1024x682.jpg 1024w, https:\/\/entretormentas.com\/wp-content\/uploads\/2025\/05\/mrsdl3-300x200.jpg 300w, https:\/\/entretormentas.com\/wp-content\/uploads\/2025\/05\/mrsdl3-768x512.jpg 768w, https:\/\/entretormentas.com\/wp-content\/uploads\/2025\/05\/mrsdl3.jpg 1219w\" sizes=\"(max-width: 1024px) 100vw, 1024px\" \/><\/figure>\n\n\n\n<p><br>El Mandatario regional se afinc\u00f3 tambi\u00e9n en la importancia que tiene el deporte: \u00abVamos a construir la mesa de ping pong, las mesas de ajedrez. Tenemos que concluir esta escuela para que sea una nueva Escuela Zuliana de Avanzada, como las hay en otras partes del Zulia\u00bb.<\/p>\n\n\n\n<p>A los ejes cultural y deportivo se sumar\u00e1n el de alimentaci\u00f3n, el ambiental y todos los que componen la filosof\u00eda de gesti\u00f3n que Rosales ha instaurado en Zulia, para que la regi\u00f3n vuelva a ser la referencia pol\u00edtica, econ\u00f3mica y social que fue en la primera d\u00e9cada del siglo XXI.<br><strong><em>ET \/ Nota de Prensa<\/em><\/strong><\/p>\n","protected":false},"excerpt":{"rendered":"<p>ENTRE TORMENTAS. Col\u00f3n, Catatumbo, Francisco Javier Pulgar, Sucre y Baralt fueron los territorios a donde&#8230;<\/p>\n","protected":false},"author":2,"featured_media":16254,"comment_status":"closed","ping_status":"open","sticky":false,"template":"","format":"standard","meta":{"footnotes":""},"categories":[56,1],"tags":[],"class_list":["post-16250","post","type-post","status-publish","format-standard","has-post-thumbnail","hentry","category-destacadas","category-regionales"],"_links":{"self":[{"href":"https:\/\/entretormentas.com\/index.php?rest_route=\/wp\/v2\/posts\/16250","targetHints":{"allow":["GET"]}}],"collection":[{"href":"https:\/\/entretormentas.com\/index.php?rest_route=\/wp\/v2\/posts"}],"about":[{"href":"https:\/\/entretormentas.com\/index.php?rest_route=\/wp\/v2\/types\/post"}],"author":[{"embeddable":true,"href":"https:\/\/entretormentas.com\/index.php?rest_route=\/wp\/v2\/users\/2"}],"replies":[{"embeddable":true,"href":"https:\/\/entretormentas.com\/index.php?rest_route=%2Fwp%2Fv2%2Fcomments&post=16250"}],"version-history":[{"count":1,"href":"https:\/\/entretormentas.com\/index.php?rest_route=\/wp\/v2\/posts\/16250\/revisions"}],"predecessor-version":[{"id":16255,"href":"https:\/\/entretormentas.com\/index.php?rest_route=\/wp\/v2\/posts\/16250\/revisions\/16255"}],"wp:featuredmedia":[{"embeddable":true,"href":"https:\/\/entretormentas.com\/index.php?rest_route=\/wp\/v2\/media\/16254"}],"wp:attachment":[{"href":"https:\/\/entretormentas.com\/index.php?rest_route=%2Fwp%2Fv2%2Fmedia&parent=16250"}],"wp:term":[{"taxonomy":"category","embeddable":true,"href":"https:\/\/entretormentas.com\/index.php?rest_route=%2Fwp%2Fv2%2Fcategories&post=16250"},{"taxonomy":"post_tag","embeddable":true,"href":"https:\/\/entretormentas.com\/index.php?rest_route=%2Fwp%2Fv2%2Ftags&post=16250"}],"curies":[{"name":"wp","href":"https:\/\/api.w.org\/{rel}","templated":true}]}}