{"id":16256,"date":"2025-05-07T10:49:27","date_gmt":"2025-05-07T08:49:27","guid":{"rendered":"https:\/\/entretormentas.com\/?p=16256"},"modified":"2025-05-07T10:49:27","modified_gmt":"2025-05-07T08:49:27","slug":"se-suma-a-la-celebracion-sovietica-maduro-se-reunira-con-putin-este-miercoles","status":"publish","type":"post","link":"https:\/\/entretormentas.com\/se-suma-a-la-celebracion-sovietica-maduro-se-reunira-con-putin-este-miercoles\/","title":{"rendered":"\u00a1SE SUMA A LA CELEBRACI\u00d3N SOVI\u00c9TICA! Maduro se reunir\u00e1 con Putin este mi\u00e9rcoles"},"content":{"rendered":"\n<p><strong>ENTRE TORMENTAS.<\/strong> El presidente de Rusia, Vlad\u00edmir Putin, se reunir\u00e1 este mi\u00e9rcoles 7 de mayo con su hom\u00f3logo venezolano, Nicol\u00e1s Maduro, quien llegar\u00e1 a la capital rusa para asistir a los festejos con ocasi\u00f3n del 80 aniversario de la Victoria sovi\u00e9tica sobre la Alemania nazi, inform\u00f3 el Kremlin.<\/p>\n\n\n\n<p>Tambi\u00e9n est\u00e1 previsto que el mandatario ruso se re\u00fana en el Kremlin con su hom\u00f3logo cubano, Miguel D\u00edaz-Canel.<\/p>\n\n\n\n<p>Mientras que el 9 de mayo, el mandatario ruso recibir\u00e1 al jefe de Estado de Brasil, Luiz In\u00e1cio Lula da Silva, con el que firmar\u00e1 un acuerdo de asociaci\u00f3n estrat\u00e9gica, dijo a la prensa el asesor presidencial, Yuri Ushakov.<br><strong><em>ET \/ EFE<\/em><\/strong><\/p>\n","protected":false},"excerpt":{"rendered":"<p>ENTRE TORMENTAS. El presidente de Rusia, Vlad\u00edmir Putin, se reunir\u00e1 este mi\u00e9rcoles 7 de mayo&#8230;<\/p>\n","protected":false},"author":2,"featured_media":16257,"comment_status":"closed","ping_status":"open","sticky":false,"template":"","format":"standard","meta":{"footnotes":""},"categories":[56,48],"tags":[],"class_list":["post-16256","post","type-post","status-publish","format-standard","has-post-thumbnail","hentry","category-destacadas","category-internacionales"],"_links":{"self":[{"href":"https:\/\/entretormentas.com\/index.php?rest_route=\/wp\/v2\/posts\/16256","targetHints":{"allow":["GET"]}}],"collection":[{"href":"https:\/\/entretormentas.com\/index.php?rest_route=\/wp\/v2\/posts"}],"about":[{"href":"https:\/\/entretormentas.com\/index.php?rest_route=\/wp\/v2\/types\/post"}],"author":[{"embeddable":true,"href":"https:\/\/entretormentas.com\/index.php?rest_route=\/wp\/v2\/users\/2"}],"replies":[{"embeddable":true,"href":"https:\/\/entretormentas.com\/index.php?rest_route=%2Fwp%2Fv2%2Fcomments&post=16256"}],"version-history":[{"count":1,"href":"https:\/\/entretormentas.com\/index.php?rest_route=\/wp\/v2\/posts\/16256\/revisions"}],"predecessor-version":[{"id":16258,"href":"https:\/\/entretormentas.com\/index.php?rest_route=\/wp\/v2\/posts\/16256\/revisions\/16258"}],"wp:featuredmedia":[{"embeddable":true,"href":"https:\/\/entretormentas.com\/index.php?rest_route=\/wp\/v2\/media\/16257"}],"wp:attachment":[{"href":"https:\/\/entretormentas.com\/index.php?rest_route=%2Fwp%2Fv2%2Fmedia&parent=16256"}],"wp:term":[{"taxonomy":"category","embeddable":true,"href":"https:\/\/entretormentas.com\/index.php?rest_route=%2Fwp%2Fv2%2Fcategories&post=16256"},{"taxonomy":"post_tag","embeddable":true,"href":"https:\/\/entretormentas.com\/index.php?rest_route=%2Fwp%2Fv2%2Ftags&post=16256"}],"curies":[{"name":"wp","href":"https:\/\/api.w.org\/{rel}","templated":true}]}}