{"id":16281,"date":"2025-05-08T10:13:11","date_gmt":"2025-05-08T08:13:11","guid":{"rendered":"https:\/\/entretormentas.com\/?p=16281"},"modified":"2025-05-08T10:13:12","modified_gmt":"2025-05-08T08:13:12","slug":"en-defensa-por-el-zulia-jovenes-adecos-anuncian-su-respaldo-a-manuel-rosales","status":"publish","type":"post","link":"https:\/\/entretormentas.com\/en-defensa-por-el-zulia-jovenes-adecos-anuncian-su-respaldo-a-manuel-rosales\/","title":{"rendered":"\u00a1EN DEFENSA POR EL ZULIA! J\u00f3venes adecos anuncian su respaldo a Manuel Rosales"},"content":{"rendered":"\n<p><strong>ENTRE TORMENTAS. <\/strong>Este mi\u00e9rcoles j\u00f3venes adecos de los 21 municipios de la entidad se concentraron en el Colegio de Abogados del Estado Zulia, para anunciar su respaldo a Manuel Rosales, actual gobernador y quien aspira a la reelecci\u00f3n por la silla del Palacio de Los C\u00f3ndores.<\/p>\n\n\n\n<p>Andrey Villalobos, Coordinador de J\u00f3venes Adecos en Defensa por el Zulia, asegur\u00f3 que la nueva generaci\u00f3n de dirigentes pol\u00edticos tiene un compromiso con la educaci\u00f3n, el otorgamiento de becas y propuestas que buscan mejorar la calidad de vida de los zulianos e indic\u00f3 que el voto es la m\u00e1xima expresi\u00f3n de los ciudadanos.<\/p>\n\n\n\n<figure class=\"wp-block-image size-large\"><img fetchpriority=\"high\" decoding=\"async\" width=\"1024\" height=\"682\" src=\"https:\/\/entretormentas.com\/wp-content\/uploads\/2025\/05\/jovenesad2-1024x682.jpg\" alt=\"\" class=\"wp-image-16282\" srcset=\"https:\/\/entretormentas.com\/wp-content\/uploads\/2025\/05\/jovenesad2-1024x682.jpg 1024w, https:\/\/entretormentas.com\/wp-content\/uploads\/2025\/05\/jovenesad2-300x200.jpg 300w, https:\/\/entretormentas.com\/wp-content\/uploads\/2025\/05\/jovenesad2-768x511.jpg 768w, https:\/\/entretormentas.com\/wp-content\/uploads\/2025\/05\/jovenesad2.jpg 1080w\" sizes=\"(max-width: 1024px) 100vw, 1024px\" \/><\/figure>\n\n\n\n<p>\u201cNosotros hemos tomado la decisi\u00f3n de participar, porque es la participaci\u00f3n nuestra herramienta de expresi\u00f3n y el voto lo tenemos para decir que el Zulia no se entrega, porque es el Zulia la cara principal de Venezuela. Invitamos a todos los j\u00f3venes a participar en el proceso electoral del 25 de mayo y a su vez anunciamos nuestro respaldo a la candidatura de Manuel Rosales\u201d, expres\u00f3 Villalobos.<\/p>\n\n\n\n<p>Por su parte, N\u00e9stor Bravo, dirigente juvenil de este movimiento pol\u00edtico, afirm\u00f3 que la juventud zuliana seguir\u00e1 trabajando como lo hicieron en el 2021 para apoyar a Rosales su reelecci\u00f3n.<\/p>\n\n\n\n<p>\u201cVamos a estar en cada uno de los municipios, en cada una de las parroquias, en cada uno de los sectores, haci\u00e9ndole el llamado a los j\u00f3venes que quedarse en su casa no es una opci\u00f3n, no podemos ceder los espacios, aqu\u00ed el Zulia se respeta y vamos de frente con Manuel Rosales a la gobernaci\u00f3n del Zulia.<\/p>\n\n\n\n<figure class=\"wp-block-image size-large\"><img decoding=\"async\" width=\"1024\" height=\"682\" src=\"https:\/\/entretormentas.com\/wp-content\/uploads\/2025\/05\/jovenesd3-1024x682.jpg\" alt=\"\" class=\"wp-image-16283\" srcset=\"https:\/\/entretormentas.com\/wp-content\/uploads\/2025\/05\/jovenesd3-1024x682.jpg 1024w, https:\/\/entretormentas.com\/wp-content\/uploads\/2025\/05\/jovenesd3-300x200.jpg 300w, https:\/\/entretormentas.com\/wp-content\/uploads\/2025\/05\/jovenesd3-768x511.jpg 768w, https:\/\/entretormentas.com\/wp-content\/uploads\/2025\/05\/jovenesd3.jpg 1080w\" sizes=\"(max-width: 1024px) 100vw, 1024px\" \/><\/figure>\n\n\n\n<p>Entre tanto, Naigred Barrios, Coordinadora femenina de la juventud de Adecos en defensa por el Zulia, destac\u00f3 que los j\u00f3venes tienen este 25 de mayo, la tarea m\u00e1s importante y un compromiso con la democracia y las generaciones futuras. \u201cEs importante que hagamos la tarea el 25 de mayo la tarea m\u00e1s importante de nuestras vidas y seamos parte de la gesta hist\u00f3rica m\u00e1s importante que vamos a escribir\u201d, exclam\u00f3.<\/p>\n\n\n\n<p>Para finalizar, Samuel Linares, dirigente juvenil de este movimiento, se\u00f1al\u00f3 que los j\u00f3venes est\u00e1n seguros de lo que est\u00e1n haciendo. \u201cComo toda pel\u00edcula, el 28 de julio del 2024 necesita una secuela, este 25 de mayo todos tenemos una misi\u00f3n y es salir a votar y demostrar con los votos que somos mayor\u00eda y muy importante y es no ceder los espacios para este estado que le ha costado una gran lucha a sus ciudadanos\u201d.<\/p>\n\n\n\n<p>Record\u00f3 Linares que se mantendr\u00e1n en las calles del estado Zulia para demostrarles a los ciudadanos las razones por las cuales hay que votar y garantizar el progreso y las oportunidades para todos de la mano de\u00a0Manuel\u00a0Rosales.<br><strong><em>ET \/ Nota de Prensa<\/em><\/strong><\/p>\n\n\n\n<p><\/p>\n","protected":false},"excerpt":{"rendered":"<p>ENTRE TORMENTAS. Este mi\u00e9rcoles j\u00f3venes adecos de los 21 municipios de la entidad se concentraron&#8230;<\/p>\n","protected":false},"author":2,"featured_media":16284,"comment_status":"closed","ping_status":"open","sticky":false,"template":"","format":"standard","meta":{"footnotes":""},"categories":[1],"tags":[],"class_list":["post-16281","post","type-post","status-publish","format-standard","has-post-thumbnail","hentry","category-regionales"],"_links":{"self":[{"href":"https:\/\/entretormentas.com\/index.php?rest_route=\/wp\/v2\/posts\/16281","targetHints":{"allow":["GET"]}}],"collection":[{"href":"https:\/\/entretormentas.com\/index.php?rest_route=\/wp\/v2\/posts"}],"about":[{"href":"https:\/\/entretormentas.com\/index.php?rest_route=\/wp\/v2\/types\/post"}],"author":[{"embeddable":true,"href":"https:\/\/entretormentas.com\/index.php?rest_route=\/wp\/v2\/users\/2"}],"replies":[{"embeddable":true,"href":"https:\/\/entretormentas.com\/index.php?rest_route=%2Fwp%2Fv2%2Fcomments&post=16281"}],"version-history":[{"count":1,"href":"https:\/\/entretormentas.com\/index.php?rest_route=\/wp\/v2\/posts\/16281\/revisions"}],"predecessor-version":[{"id":16285,"href":"https:\/\/entretormentas.com\/index.php?rest_route=\/wp\/v2\/posts\/16281\/revisions\/16285"}],"wp:featuredmedia":[{"embeddable":true,"href":"https:\/\/entretormentas.com\/index.php?rest_route=\/wp\/v2\/media\/16284"}],"wp:attachment":[{"href":"https:\/\/entretormentas.com\/index.php?rest_route=%2Fwp%2Fv2%2Fmedia&parent=16281"}],"wp:term":[{"taxonomy":"category","embeddable":true,"href":"https:\/\/entretormentas.com\/index.php?rest_route=%2Fwp%2Fv2%2Fcategories&post=16281"},{"taxonomy":"post_tag","embeddable":true,"href":"https:\/\/entretormentas.com\/index.php?rest_route=%2Fwp%2Fv2%2Ftags&post=16281"}],"curies":[{"name":"wp","href":"https:\/\/api.w.org\/{rel}","templated":true}]}}