{"id":16299,"date":"2025-05-08T10:30:33","date_gmt":"2025-05-08T08:30:33","guid":{"rendered":"https:\/\/entretormentas.com\/?p=16299"},"modified":"2025-05-08T10:38:01","modified_gmt":"2025-05-08T08:38:01","slug":"apoyo-gremial-trabajadores-del-sector-sanitario-declaran-a-luis-caldera-como-el-proximo-gobernador-de-la-salud","status":"publish","type":"post","link":"https:\/\/entretormentas.com\/apoyo-gremial-trabajadores-del-sector-sanitario-declaran-a-luis-caldera-como-el-proximo-gobernador-de-la-salud\/","title":{"rendered":"\u00a1APOYO GREMIAL! Trabajadores del sector sanitario declaran a Luis Caldera como el pr\u00f3ximo Gobernador de la Salud"},"content":{"rendered":"\n<p><strong>ENTRE TORMENTAS. <\/strong>M\u00e1s de mil 500 trabajadores del sector sanitario de la regi\u00f3n zuliana, declararon, a 18 d\u00edas de las elecciones regionales y parlamentarias y en asamblea con la asistencia de personal m\u00e9dico, de enfermer\u00eda, camilleros, de mantenimiento y administrativo, al candidato por el Gran Polo Patri\u00f3tico y el PSUV, Luis Caldera, como el Gobernador de la Salud en la entidad, a partir del 25 de mayo.<\/p>\n\n\n\n<p>Una fiesta de batas blancas, de h\u00e9roes y hero\u00ednas de la salud en el estado, fue lo que se vivi\u00f3 en el Teatro Ni\u00f1os Cantores, en la capital zuliana, donde los trabajadores de esta \u00e1rea fundamental para la calidad de vida de la poblaci\u00f3n, sostuvieron un encuentro con el candidato Caldera, quien dio a conocer las l\u00edneas de acci\u00f3n que iniciar\u00e1 desde el mismo momento que tome las riendas de la Gobernaci\u00f3n del Zulia.<\/p>\n\n\n\n<figure class=\"wp-block-image size-large\"><img fetchpriority=\"high\" decoding=\"async\" width=\"1024\" height=\"683\" src=\"https:\/\/entretormentas.com\/wp-content\/uploads\/2025\/05\/lcgremios2-1024x683.jpg\" alt=\"\" class=\"wp-image-16300\" srcset=\"https:\/\/entretormentas.com\/wp-content\/uploads\/2025\/05\/lcgremios2-1024x683.jpg 1024w, https:\/\/entretormentas.com\/wp-content\/uploads\/2025\/05\/lcgremios2-300x200.jpg 300w, https:\/\/entretormentas.com\/wp-content\/uploads\/2025\/05\/lcgremios2-768x512.jpg 768w, https:\/\/entretormentas.com\/wp-content\/uploads\/2025\/05\/lcgremios2.jpg 1280w\" sizes=\"(max-width: 1024px) 100vw, 1024px\" \/><\/figure>\n\n\n\n<p>\u201cPresentamos a los h\u00e9roes y hero\u00ednas de batas blancas las propuestas de lo que ser\u00e1 el Zulia, a partir del 25 de mayo de 2025\u201d, expres\u00f3 Caldera al dar a conocer los planes que van dirigidos a fortalecer el Sistema P\u00fablico Nacional de Salud, para brindar atenci\u00f3n de calidad y oportuna a los pacientes.<\/p>\n\n\n\n<p>Caldera mencion\u00f3 la consolidaci\u00f3n de la Misi\u00f3n Barrio Adentro en las 64 \u00c1reas de Salud Comunitaria (Asic), con las que cuenta el estado, la unificaci\u00f3n de los 34 hospitales de la regi\u00f3n en la l\u00ednea de atenci\u00f3n primaria de salud, en la unidad de im\u00e1genes para garantizar la fase diagn\u00f3stica, en el plan cardiovascular, en el plan oncol\u00f3gico y en el plan para los pacientes que necesitan di\u00e1lisis.<\/p>\n\n\n\n<p>\u201cVan a tener un gobernador que los va a acompa\u00f1ar en las soluciones de reparaci\u00f3n de consultorios m\u00e9dicos a trav\u00e9s de las comunas, que los va a acompa\u00f1ar en su propio servicio de transporte para el personal de salud; tambi\u00e9n un sistema de especializaci\u00f3n que se realizar\u00e1 con la Universidad del Zulia y la Universidad de las Ciencias de la Salud, para lograr tener m\u00e9dicos especialistas seg\u00fan las necesidades que tenga el Zulia en las \u00e1reas oncol\u00f3gicas, de di\u00e1lisis, hemodinamia Y cuidados intensivos\u201d, detall\u00f3.<\/p>\n\n\n\n<p>Entre los asistentes en esta multitudinaria asamblea, se encontraba la doctora Lervis Cuenta, directora de la Asic La Rinconada, quien destac\u00f3 el compromiso de Caldera con el sector salud del estado, el cual, refiere, es uno solo, pero que el que depende del actual gobernador, Manuel Rosales, est\u00e1 desasistido, en penumbra y que es ahora, en campa\u00f1a que pretende atender.<\/p>\n\n\n\n<p>\u201cEl sabe del compromiso con la salud y nosotros estamos confiados que nos va a ayudar a apoyar para atender a nuestra poblaci\u00f3n, con las unidades de cuidados intensivos, las unidades de di\u00e1lisis, el sistema de referencia y contrarreferencia, para que nuestros pacientes sean atendidos con dignidad\u201d, manifest\u00f3.<\/p>\n\n\n\n<p>Yackeline Michel, del sistema de participaci\u00f3n del poder popular de la salud, indic\u00f3 que los trabajadores de la salud le dan apoyo contundente a Caldera, quien siempre ha estado presente apoyando el sector, por lo que trabajadores hospitalarios, de ambulatorios, del Instituto Venezolano de los Seguros Sociales, de Centros de Diagn\u00f3stico Integral (CDI), entre otros se hicieron presente en el encuentro con el candidato.<\/p>\n\n\n\n<figure class=\"wp-block-image size-large\"><img decoding=\"async\" width=\"1024\" height=\"683\" src=\"https:\/\/entretormentas.com\/wp-content\/uploads\/2025\/05\/lcgremios3-1024x683.jpg\" alt=\"\" class=\"wp-image-16301\" srcset=\"https:\/\/entretormentas.com\/wp-content\/uploads\/2025\/05\/lcgremios3-1024x683.jpg 1024w, https:\/\/entretormentas.com\/wp-content\/uploads\/2025\/05\/lcgremios3-300x200.jpg 300w, https:\/\/entretormentas.com\/wp-content\/uploads\/2025\/05\/lcgremios3-768x512.jpg 768w, https:\/\/entretormentas.com\/wp-content\/uploads\/2025\/05\/lcgremios3.jpg 1280w\" sizes=\"(max-width: 1024px) 100vw, 1024px\" \/><\/figure>\n\n\n\n<p>\u201cAqu\u00ed estamos trabajadores de los hospitales General del Sur, Universitario de Maracaibo, Dr. Noriega Trigo, Dr. Adolfo Pons, ambulatorios CDI, consultorios m\u00e9dicos populares, para darle un espaldarazo a quien ya declaramos nuestro gobernador Luis Caldera, el Gobernador de la Salud del Zulia\u201d, expres\u00f3.<\/p>\n\n\n\n<p>Asimismo, Daisy Chaparro, de la Asic Valle Fr\u00edo, resalt\u00f3 que Caldera es un hombre del pueblo y humanista, que sigue las pol\u00edticas del Gobierno Nacional y que con ellas va a levantar la salud en el Zulia, que est\u00e1n abandonadas por el actual gobernador.<\/p>\n\n\n\n<p>\u201cEl ej\u00e9rcito de batas blancas est\u00e1 demostrando hoy que con Luis Caldera vamos a llevar al Zulia adelante. La salud tiene que tener en el estado un gobernador que contin\u00fae y apoye el Plan Quir\u00fargico Nacional, que atienda a los pacientes con amor y humanismo y que desarrolle y fortalezca las especialidades en cada espacio dador de salud\u201d, agreg\u00f3.<br><strong><em>ET \/ Prensa PSUV Zulia<\/em><\/strong><\/p>\n\n\n\n<p><\/p>\n","protected":false},"excerpt":{"rendered":"<p>ENTRE TORMENTAS. M\u00e1s de mil 500 trabajadores del sector sanitario de la regi\u00f3n zuliana, declararon,&#8230;<\/p>\n","protected":false},"author":2,"featured_media":16302,"comment_status":"closed","ping_status":"open","sticky":false,"template":"","format":"standard","meta":{"footnotes":""},"categories":[57,1],"tags":[],"class_list":["post-16299","post","type-post","status-publish","format-standard","has-post-thumbnail","hentry","category-actualidad","category-regionales"],"_links":{"self":[{"href":"https:\/\/entretormentas.com\/index.php?rest_route=\/wp\/v2\/posts\/16299","targetHints":{"allow":["GET"]}}],"collection":[{"href":"https:\/\/entretormentas.com\/index.php?rest_route=\/wp\/v2\/posts"}],"about":[{"href":"https:\/\/entretormentas.com\/index.php?rest_route=\/wp\/v2\/types\/post"}],"author":[{"embeddable":true,"href":"https:\/\/entretormentas.com\/index.php?rest_route=\/wp\/v2\/users\/2"}],"replies":[{"embeddable":true,"href":"https:\/\/entretormentas.com\/index.php?rest_route=%2Fwp%2Fv2%2Fcomments&post=16299"}],"version-history":[{"count":1,"href":"https:\/\/entretormentas.com\/index.php?rest_route=\/wp\/v2\/posts\/16299\/revisions"}],"predecessor-version":[{"id":16303,"href":"https:\/\/entretormentas.com\/index.php?rest_route=\/wp\/v2\/posts\/16299\/revisions\/16303"}],"wp:featuredmedia":[{"embeddable":true,"href":"https:\/\/entretormentas.com\/index.php?rest_route=\/wp\/v2\/media\/16302"}],"wp:attachment":[{"href":"https:\/\/entretormentas.com\/index.php?rest_route=%2Fwp%2Fv2%2Fmedia&parent=16299"}],"wp:term":[{"taxonomy":"category","embeddable":true,"href":"https:\/\/entretormentas.com\/index.php?rest_route=%2Fwp%2Fv2%2Fcategories&post=16299"},{"taxonomy":"post_tag","embeddable":true,"href":"https:\/\/entretormentas.com\/index.php?rest_route=%2Fwp%2Fv2%2Ftags&post=16299"}],"curies":[{"name":"wp","href":"https:\/\/api.w.org\/{rel}","templated":true}]}}