{"id":16304,"date":"2025-05-08T10:36:38","date_gmt":"2025-05-08T08:36:38","guid":{"rendered":"https:\/\/entretormentas.com\/?p=16304"},"modified":"2025-05-08T10:36:38","modified_gmt":"2025-05-08T08:36:38","slug":"cumpliendo-rosales-inaugura-el-hospital-luis-razetti-y-suma-otro-centro-de-salud-en-baralt","status":"publish","type":"post","link":"https:\/\/entretormentas.com\/cumpliendo-rosales-inaugura-el-hospital-luis-razetti-y-suma-otro-centro-de-salud-en-baralt\/","title":{"rendered":"\u00a1CUMPLIENDO! Rosales inaugura el hospital \u201cLuis Razetti\u201d y suma otro centro de salud en Baralt"},"content":{"rendered":"\n<p><strong>ENTRE TORMENTAS. <\/strong>El gobernador del Zulia, Manuel Rosales Guerrero, cerr\u00f3 su gira por el sur del Lago con la inauguraci\u00f3n de la primera fase del hospital \u201cLuis Razetti\u201d, en el municipio Baralt. Este hospital de Tipo II tiene ahora el \u00e1rea de Emergencias totalmente operativa, con lo que se cumple con el compromiso de adecuar los servicios m\u00e1s sentidos para los pobladores.<\/p>\n\n\n\n<p>La inauguraci\u00f3n del \u201cLuis Razetti\u201d forma parte de un plan m\u00e1s grande, en el que se incluye no solo la construcci\u00f3n y modernizaci\u00f3n del \u00e1rea de salud, sino tambi\u00e9n la promoci\u00f3n de la parte preventiva ante enfermedades que pueden controlarse.<\/p>\n\n\n\n<figure class=\"wp-block-image size-large\"><img fetchpriority=\"high\" decoding=\"async\" width=\"1024\" height=\"681\" src=\"https:\/\/entretormentas.com\/wp-content\/uploads\/2025\/05\/razeti2-1024x681.jpg\" alt=\"\" class=\"wp-image-16305\" srcset=\"https:\/\/entretormentas.com\/wp-content\/uploads\/2025\/05\/razeti2-1024x681.jpg 1024w, https:\/\/entretormentas.com\/wp-content\/uploads\/2025\/05\/razeti2-300x199.jpg 300w, https:\/\/entretormentas.com\/wp-content\/uploads\/2025\/05\/razeti2-768x511.jpg 768w, https:\/\/entretormentas.com\/wp-content\/uploads\/2025\/05\/razeti2-1536x1021.jpg 1536w, https:\/\/entretormentas.com\/wp-content\/uploads\/2025\/05\/razeti2-2048x1362.jpg 2048w\" sizes=\"(max-width: 1024px) 100vw, 1024px\" \/><\/figure>\n\n\n\n<p>Fueron meses de arduo trabajo y horas\/hombre para lograr esta primera etapa, que se vieron finalmente coronados con la inauguraci\u00f3n y dotaci\u00f3n completa de las instalaciones. \u201cDespu\u00e9s de m\u00e1s de quince a\u00f1os van a hacerse las primeras intervenciones en este hospital\u201d, dijo Rosales a los asistentes, al recordar que desde 2010 esa \u00e1rea hab\u00eda sido cerrada. \u201cTenemos listas el \u00e1rea de Observaci\u00f3n de Adultos con todos los equipos de soporte avanzado; la Sala de Aislamiento, el Quir\u00f3fano y los pabellones dotados con todos los equipos necesarios. Se suman las m\u00e1quinas de electrocauterizaci\u00f3n, las de anestesia, el monitor de signos vitales, las de Trauma Shock y un desfibrilador totalmente nuevo. Tambi\u00e9n el electrocardi\u00f3grafo y muchos m\u00e1s\u201d, agreg\u00f3.<\/p>\n\n\n\n<p><strong>M\u00c1S Y MEJORES SERVICIOS<\/strong><br>Durante el recorrido, Rosales mostr\u00f3 las distintas \u00e1reas totalmente renovadas, como la Sala de Descanso del personal m\u00e9dico y de enfermer\u00eda. Ya en el Laboratorio, el Gobernador revel\u00f3 que se van a hacer casi cuatro mil pruebas mensuales gratuitas para quienes lo requieran: \u201cquiero decir algo para que quede claro y todos lo entendamos\u201d, dijo. \u201cAqu\u00ed vamos a hacer tres mil 800 pruebas gratuitas al mes: hematolog\u00eda completa -hemoglobina, hematocritos, cuenta blanca o conteo de plaquetas-; de la parte qu\u00edmica vamos a tener glicemia, urea, creatinina, triglic\u00e9ridos, colesterol, transaminasa y orina, entre otras. Ni una cl\u00ednica privada hace tantas pruebas\u201d, adelant\u00f3.<\/p>\n\n\n\n<figure class=\"wp-block-image size-large\"><img decoding=\"async\" width=\"1024\" height=\"681\" src=\"https:\/\/entretormentas.com\/wp-content\/uploads\/2025\/05\/razeti3-1024x681.jpg\" alt=\"\" class=\"wp-image-16306\" srcset=\"https:\/\/entretormentas.com\/wp-content\/uploads\/2025\/05\/razeti3-1024x681.jpg 1024w, https:\/\/entretormentas.com\/wp-content\/uploads\/2025\/05\/razeti3-300x199.jpg 300w, https:\/\/entretormentas.com\/wp-content\/uploads\/2025\/05\/razeti3-768x511.jpg 768w, https:\/\/entretormentas.com\/wp-content\/uploads\/2025\/05\/razeti3-1536x1021.jpg 1536w, https:\/\/entretormentas.com\/wp-content\/uploads\/2025\/05\/razeti3-2048x1362.jpg 2048w\" sizes=\"(max-width: 1024px) 100vw, 1024px\" \/><\/figure>\n\n\n\n<p>Pero el trabajo no termina con la inauguraci\u00f3n. El Gobernador insisti\u00f3 en que esta es la primera fase, pero en las pr\u00f3ximas semanas se abordar\u00e1n otras \u00e1reas vitales, todo como parte del eje de salud integral que impulsa desde el Palacio de Los C\u00f3ndores. \u201cLa primera fase va a orientar desde aqu\u00ed los programas de prevenci\u00f3n cardiovascular, de c\u00e1ncer, los de diabetes, la lucha contra la parasitosis y la vacunaci\u00f3n masiva, donde por cierto estamos rompiendo r\u00e9cord\u201d, agreg\u00f3. A esto se agregan los programas en condiciones normales, como el programa \u201cCon Buenos Ojos\u201d, \u201cBarrio a Barrio\u201d y las cl\u00ednicas m\u00f3viles. Todo engranado para cubrir de forma integral la atenci\u00f3n al ciudadano, desde la prevenci\u00f3n hasta la hospitalizaci\u00f3n, tratamiento y cura.<\/p>\n\n\n\n<p>Rosales cerr\u00f3 su intervenci\u00f3n record\u00e1ndole a los ciudadanos la importancia de cuidar las instalaciones que est\u00e1n al servicio de todos.<\/p>\n\n\n\n<p><strong>EL VENADO, \u00daLTIMA PARADA<\/strong><br>Finalmente, el gobernador Rosales tuvo tiempo para una \u00faltima inspecci\u00f3n en el sur del Lago, esta vez en el ambulatorio \u201cDr. Jos\u00e9 Le\u00f3n Govea\u201d, tambi\u00e9n conocido como el ambulatorio de \u201cEl Venado\u201d. All\u00ed Recorri\u00f3 las instalaciones y la puesta a punto de \u00e9stas, con la firme promesa de ponerlo al 100 por ciento en las pr\u00f3ximas semanas.<\/p>\n\n\n\n<figure class=\"wp-block-image size-large\"><img decoding=\"async\" width=\"1024\" height=\"681\" src=\"https:\/\/entretormentas.com\/wp-content\/uploads\/2025\/05\/razeti4-1024x681.jpg\" alt=\"\" class=\"wp-image-16308\" srcset=\"https:\/\/entretormentas.com\/wp-content\/uploads\/2025\/05\/razeti4-1024x681.jpg 1024w, https:\/\/entretormentas.com\/wp-content\/uploads\/2025\/05\/razeti4-300x199.jpg 300w, https:\/\/entretormentas.com\/wp-content\/uploads\/2025\/05\/razeti4-768x511.jpg 768w, https:\/\/entretormentas.com\/wp-content\/uploads\/2025\/05\/razeti4-1536x1021.jpg 1536w, https:\/\/entretormentas.com\/wp-content\/uploads\/2025\/05\/razeti4-2048x1362.jpg 2048w\" sizes=\"(max-width: 1024px) 100vw, 1024px\" \/><\/figure>\n\n\n\n<p>\u201cEste era un centro cl\u00ednico maravilloso, hasta ac\u00e1 ven\u00eda gente hasta de Lara de forma masiva, y lo vamos a convertir de nuevo en el lugar que era, despu\u00e9s de que lo destruyeron\u201d, prometi\u00f3 Rosales. \u201cLo \u00fanico que le va a faltar para ser un hospital es precisamente eso: la hospitalizaci\u00f3n\u201d, agreg\u00f3.<\/p>\n\n\n\n<p>Ser\u00e1 en un plazo de dos meses cuando, seg\u00fan los c\u00e1lculos, se hayan terminado los trabajos que permitan recuperar el \u201cJos\u00e9 Le\u00f3n Govea\u201d. Rosales tiene previsto volver a cumplir con su palabra.<br><strong><em>ET \/ Nota de Prensa<\/em><\/strong><\/p>\n\n\n\n<p><\/p>\n","protected":false},"excerpt":{"rendered":"<p>ENTRE TORMENTAS. El gobernador del Zulia, Manuel Rosales Guerrero, cerr\u00f3 su gira por el sur&#8230;<\/p>\n","protected":false},"author":2,"featured_media":16309,"comment_status":"closed","ping_status":"open","sticky":false,"template":"","format":"standard","meta":{"footnotes":""},"categories":[57,1],"tags":[],"class_list":["post-16304","post","type-post","status-publish","format-standard","has-post-thumbnail","hentry","category-actualidad","category-regionales"],"_links":{"self":[{"href":"https:\/\/entretormentas.com\/index.php?rest_route=\/wp\/v2\/posts\/16304","targetHints":{"allow":["GET"]}}],"collection":[{"href":"https:\/\/entretormentas.com\/index.php?rest_route=\/wp\/v2\/posts"}],"about":[{"href":"https:\/\/entretormentas.com\/index.php?rest_route=\/wp\/v2\/types\/post"}],"author":[{"embeddable":true,"href":"https:\/\/entretormentas.com\/index.php?rest_route=\/wp\/v2\/users\/2"}],"replies":[{"embeddable":true,"href":"https:\/\/entretormentas.com\/index.php?rest_route=%2Fwp%2Fv2%2Fcomments&post=16304"}],"version-history":[{"count":1,"href":"https:\/\/entretormentas.com\/index.php?rest_route=\/wp\/v2\/posts\/16304\/revisions"}],"predecessor-version":[{"id":16310,"href":"https:\/\/entretormentas.com\/index.php?rest_route=\/wp\/v2\/posts\/16304\/revisions\/16310"}],"wp:featuredmedia":[{"embeddable":true,"href":"https:\/\/entretormentas.com\/index.php?rest_route=\/wp\/v2\/media\/16309"}],"wp:attachment":[{"href":"https:\/\/entretormentas.com\/index.php?rest_route=%2Fwp%2Fv2%2Fmedia&parent=16304"}],"wp:term":[{"taxonomy":"category","embeddable":true,"href":"https:\/\/entretormentas.com\/index.php?rest_route=%2Fwp%2Fv2%2Fcategories&post=16304"},{"taxonomy":"post_tag","embeddable":true,"href":"https:\/\/entretormentas.com\/index.php?rest_route=%2Fwp%2Fv2%2Ftags&post=16304"}],"curies":[{"name":"wp","href":"https:\/\/api.w.org\/{rel}","templated":true}]}}