{"id":16311,"date":"2025-05-08T10:40:03","date_gmt":"2025-05-08T08:40:03","guid":{"rendered":"https:\/\/entretormentas.com\/?p=16311"},"modified":"2025-05-08T10:40:04","modified_gmt":"2025-05-08T08:40:04","slug":"desde-moscu-venezuela-y-rusia-firman-acuerdo-de-asociacion-estrategica-por-10-anos","status":"publish","type":"post","link":"https:\/\/entretormentas.com\/desde-moscu-venezuela-y-rusia-firman-acuerdo-de-asociacion-estrategica-por-10-anos\/","title":{"rendered":"\u00a1DESDE MOSC\u00da! Venezuela y Rusia firman acuerdo de asociaci\u00f3n estrat\u00e9gica por 10 a\u00f1os"},"content":{"rendered":"\n<p><strong>ENTRE TORMENTAS. <\/strong>El presidente de Venezuela, Nicol\u00e1s Maduro, se reuni\u00f3 este martes con su par de Rusia, Vlad\u00edmir Putin, en la sede del Kremlin para conmemorar el 80 aniversario de la victoria sovi\u00e9tica sobre la Alemania nazi.<\/p>\n\n\n\n<p>\u00abEs impresionante el esfuerzo del pueblo ruso para acabar la maquinaria de guerra criminal e infernal que articul\u00f3 el nazi fascimo hace 80 a\u00f1os. Si no hubiera sido as\u00ed, la humanidad hubiese entrado en una etapa hist\u00f3rica de cr\u00edmenes; muy oscura\u00bb, expres\u00f3.<\/p>\n\n\n\n<p>Maduro firm\u00f3 un acuerdo de cooperaci\u00f3n estrat\u00e9gica por 10 a\u00f1os con Rusia, para as\u00ed fortalecer las relaciones bilaterales.<\/p>\n\n\n\n<p>Por su parte, el mandatario ruso destac\u00f3 avances en los \u00e1mbitos de energ\u00eda, transporte, log\u00edstica y salud entre ambas naciones.<br><strong><em>ET \/ Uni\u00f3n Radio<\/em><\/strong><\/p>\n","protected":false},"excerpt":{"rendered":"<p>ENTRE TORMENTAS. El presidente de Venezuela, Nicol\u00e1s Maduro, se reuni\u00f3 este martes con su par&#8230;<\/p>\n","protected":false},"author":2,"featured_media":16312,"comment_status":"closed","ping_status":"open","sticky":false,"template":"","format":"standard","meta":{"footnotes":""},"categories":[56,49],"tags":[],"class_list":["post-16311","post","type-post","status-publish","format-standard","has-post-thumbnail","hentry","category-destacadas","category-nacionales"],"_links":{"self":[{"href":"https:\/\/entretormentas.com\/index.php?rest_route=\/wp\/v2\/posts\/16311","targetHints":{"allow":["GET"]}}],"collection":[{"href":"https:\/\/entretormentas.com\/index.php?rest_route=\/wp\/v2\/posts"}],"about":[{"href":"https:\/\/entretormentas.com\/index.php?rest_route=\/wp\/v2\/types\/post"}],"author":[{"embeddable":true,"href":"https:\/\/entretormentas.com\/index.php?rest_route=\/wp\/v2\/users\/2"}],"replies":[{"embeddable":true,"href":"https:\/\/entretormentas.com\/index.php?rest_route=%2Fwp%2Fv2%2Fcomments&post=16311"}],"version-history":[{"count":1,"href":"https:\/\/entretormentas.com\/index.php?rest_route=\/wp\/v2\/posts\/16311\/revisions"}],"predecessor-version":[{"id":16313,"href":"https:\/\/entretormentas.com\/index.php?rest_route=\/wp\/v2\/posts\/16311\/revisions\/16313"}],"wp:featuredmedia":[{"embeddable":true,"href":"https:\/\/entretormentas.com\/index.php?rest_route=\/wp\/v2\/media\/16312"}],"wp:attachment":[{"href":"https:\/\/entretormentas.com\/index.php?rest_route=%2Fwp%2Fv2%2Fmedia&parent=16311"}],"wp:term":[{"taxonomy":"category","embeddable":true,"href":"https:\/\/entretormentas.com\/index.php?rest_route=%2Fwp%2Fv2%2Fcategories&post=16311"},{"taxonomy":"post_tag","embeddable":true,"href":"https:\/\/entretormentas.com\/index.php?rest_route=%2Fwp%2Fv2%2Ftags&post=16311"}],"curies":[{"name":"wp","href":"https:\/\/api.w.org\/{rel}","templated":true}]}}