{"id":16314,"date":"2025-05-08T10:44:57","date_gmt":"2025-05-08T08:44:57","guid":{"rendered":"https:\/\/entretormentas.com\/?p=16314"},"modified":"2025-05-08T10:44:58","modified_gmt":"2025-05-08T08:44:58","slug":"comunicado-comando-con-venezuela-afirma-que-operacion-para-liberar-a-asilados-sorprendio-al-gobierno","status":"publish","type":"post","link":"https:\/\/entretormentas.com\/comunicado-comando-con-venezuela-afirma-que-operacion-para-liberar-a-asilados-sorprendio-al-gobierno\/","title":{"rendered":"\u00a1COMUNICADO! Comando con Venezuela afirma que operaci\u00f3n para liberar a asilados sorprendi\u00f3 al Gobierno"},"content":{"rendered":"\n<p><strong>ENTRE TORMENTAS. <\/strong>El Comando con Venezuela, a trav\u00e9s de un comunicado, expres\u00f3 su satisfacci\u00f3n por la liberaci\u00f3n de los cinco opositores asilados en la Embajada de Argentina y afirm\u00f3 que se logr\u00f3 a trav\u00e9s de una \u201coperaci\u00f3n de rescate internacional\u201d. Loa cinco opositores se encuentran en Estados Unidos.<\/p>\n\n\n\n<p>En el texto, asegur\u00f3 que el Gobierno de Nicol\u00e1s Maduro se neg\u00f3 \u00abhasta el \u00faltimo instante\u00bb a otorgar los salvoconductos a los cinco asilados en la residencia de la Embajada de Argentina en Caracas -custodiada por Brasil-, que, reiter\u00f3, se encuentran en Estados Unidos.<\/p>\n\n\n\n<p>\u00abEl r\u00e9gimen, fiel a su naturaleza, se neg\u00f3 hasta el \u00faltimo instante a otorgar los salvoconductos solicitados desde marzo de 2024, pero no pudo detener la fuerza de la solidaridad global\u00bb.<\/p>\n\n\n\n<p>Asegur\u00f3 que la operaci\u00f3n aplicada para liberar a los opositores demuestra \u00abel compromiso de muchos actores que, para sorpresa del r\u00e9gimen de Nicol\u00e1s Maduro, lograron romper las cadenas de la opresi\u00f3n\u00bb.<\/p>\n\n\n\n<p>Los opositores Magalli Meda, Claudia Macero, Pedro Urruchurtu, Omar Gonz\u00e1lez y Humberto Villalobos, miembros del equipo de Mar\u00eda Corina Machado que estaban refugiados en la Embajada de Argentina en Caracas, se encuentran \u00absanos y salvos\u00bb en EEUU.<\/p>\n\n\n\n<figure class=\"wp-block-image size-full\"><img fetchpriority=\"high\" decoding=\"async\" width=\"960\" height=\"640\" src=\"https:\/\/entretormentas.com\/wp-content\/uploads\/2025\/05\/embaja1.jpg\" alt=\"\" class=\"wp-image-16270\" srcset=\"https:\/\/entretormentas.com\/wp-content\/uploads\/2025\/05\/embaja1.jpg 960w, https:\/\/entretormentas.com\/wp-content\/uploads\/2025\/05\/embaja1-300x200.jpg 300w, https:\/\/entretormentas.com\/wp-content\/uploads\/2025\/05\/embaja1-768x512.jpg 768w\" sizes=\"(max-width: 960px) 100vw, 960px\" \/><\/figure>\n\n\n\n<p><strong>COMUNICADO:<br>La libertad ha tenido una victoria<\/strong><br><\/p>\n\n\n\n<p>Con la certeza de que pronto Venezuela ser\u00e1 libre y en el marco de una \u00aboperaci\u00f3n de rescate internacional, nuestros compa\u00f1eros asilados en la embajada argentina en Caracas han llegado sanos y salvos a suelo estadounidense.<\/p>\n\n\n\n<p>Este hito marca un nuevo cap\u00edtulo en su lucha y en la de todos los venezolanos que anhelamos libertad.<\/p>\n\n\n\n<p>En nombre de Omar Gonz\u00e1lez Moreno, Magall\u00ed Meda, Pedro Urruchurtu, Claudia Macero y Humberto Villalobos, y desde el Comando Con Vzla, expresamos nuestra m\u00e1s profunda gratitud a todos los que hicieron posible esta acci\u00f3n hist\u00f3rica.<\/p>\n\n\n\n<p>Tras m\u00e1s de un a\u00f1o de injusto encierro en el recinto diplom\u00e1tico, esta operaci\u00f3n es un testimonio del compromiso de muchos actores que, para sorpresa del r\u00e9gimen de Nicol\u00e1s Maduro, lograron romper las cadenas de la opresi\u00f3n.<\/p>\n\n\n\n<p>El r\u00e9gimen, fiel a su naturaleza, se neg\u00f3 hasta el \u00faltimo instante a otorgar los salvoconductos solicitados desde marzo de 2024, pero no pudo detener la fuerza de este movimiento ciudadano incansable, ni solidaridad global expresada en m\u00faltiples formas.<\/p>\n\n\n\n<p>Extendemos un reconocimiento especial a la administraci\u00f3n del presidente Donald Trump y a su Secretario de Estado, Marco Rubio, as\u00ed como al presidente de Argentina, Javier Milei, por su apoyo inquebrantable en estas horas cruciales. Su liderazgo ha sido un faro de esperanza para estos dirigentes y para toda la naci\u00f3n venezolana, que clama por justicia y dignidad.<\/p>\n\n\n\n<p>No podemos dejar de agradecer al gobierno de Argentina por otorgar a nuestros compa\u00f1eros el estatus de asilo pol\u00edtico y al gobierno de Brasil por asumir la custodia y protecci\u00f3n de la embajada de Argentina durante nueve meses.<\/p>\n\n\n\n<p>De igual forma, a quienes, a pesar de las restricciones impuestas por un r\u00e9gimen que transform\u00f3 una embajada en una c\u00e1rcel, brindaron su apoyo esencial para garantizar la supervivencia de nuestros compa\u00f1eros durante este largo y doloroso a\u00f1o.<\/p>\n\n\n\n<p>Tambi\u00e9n, y muy especialmente, a los diplom\u00e1ticos y personal de Argentina y de Brasil desplegados en Caracas que, a pesar de las restricciones impuestas por el r\u00e9gimen, brindaron apoyo y protecci\u00f3n a los asilados durante sus meses de encierro.<\/p>\n\n\n\n<p>A nuestros hermanos venezolanos, les reafirmamos nuestro compromiso inquebrantable: no descansaremos hasta que los m\u00e1s de 900 presos pol\u00edticos a\u00fan en manos del conglomerado criminal chavista recuperen su libertad, y hasta que logremos el fin definitivo de esta tragedia que aflige a millones dentro y fuera de nuestras fronteras. Venezuela merece, y lograr\u00e1, ser libre.<\/p>\n\n\n\n<p>Pr\u00f3ximamente, Omar, Magall\u00ed, Pedro, Claudia y Humberto compartir\u00e1n sus reflexiones sobre este cap\u00edtulo de sus vidas. Por ahora, pedimos respetar su espacio para sanar, reencontrarse con sus seres queridos y procesar esta nueva etapa.<\/p>\n\n\n\n<p>A ellos, nuestro equipo, todo un pa\u00eds y la comunidad internacional les reconoce el coraje y la firmeza que demostraron durante m\u00e1s de un a\u00f1o de asedio y secuestro, y en la hora de tomar la decisi\u00f3n de arriesgar su vida por su libertad.<\/p>\n\n\n\n<p>Les invitamos a mantenerse atentos a las comunicaciones oficiales que emitiremos a trav\u00e9s de los canales del Comando Con Vzla.<\/p>\n\n\n\n<p>Seguimos adelante, hasta el final, porque sabemos que el valor de la libertad es superior a los riesgos de retar a la opresi\u00f3n y el principal motivador para vencer el secuestro en cualquiera de sus dimensiones.<br><strong><em>ET \/ Agencias<\/em><\/strong><\/p>\n\n\n\n<p><\/p>\n","protected":false},"excerpt":{"rendered":"<p>ENTRE TORMENTAS. El Comando con Venezuela, a trav\u00e9s de un comunicado, expres\u00f3 su satisfacci\u00f3n por&#8230;<\/p>\n","protected":false},"author":2,"featured_media":16315,"comment_status":"closed","ping_status":"open","sticky":false,"template":"","format":"standard","meta":{"footnotes":""},"categories":[56,49],"tags":[],"class_list":["post-16314","post","type-post","status-publish","format-standard","has-post-thumbnail","hentry","category-destacadas","category-nacionales"],"_links":{"self":[{"href":"https:\/\/entretormentas.com\/index.php?rest_route=\/wp\/v2\/posts\/16314","targetHints":{"allow":["GET"]}}],"collection":[{"href":"https:\/\/entretormentas.com\/index.php?rest_route=\/wp\/v2\/posts"}],"about":[{"href":"https:\/\/entretormentas.com\/index.php?rest_route=\/wp\/v2\/types\/post"}],"author":[{"embeddable":true,"href":"https:\/\/entretormentas.com\/index.php?rest_route=\/wp\/v2\/users\/2"}],"replies":[{"embeddable":true,"href":"https:\/\/entretormentas.com\/index.php?rest_route=%2Fwp%2Fv2%2Fcomments&post=16314"}],"version-history":[{"count":1,"href":"https:\/\/entretormentas.com\/index.php?rest_route=\/wp\/v2\/posts\/16314\/revisions"}],"predecessor-version":[{"id":16316,"href":"https:\/\/entretormentas.com\/index.php?rest_route=\/wp\/v2\/posts\/16314\/revisions\/16316"}],"wp:featuredmedia":[{"embeddable":true,"href":"https:\/\/entretormentas.com\/index.php?rest_route=\/wp\/v2\/media\/16315"}],"wp:attachment":[{"href":"https:\/\/entretormentas.com\/index.php?rest_route=%2Fwp%2Fv2%2Fmedia&parent=16314"}],"wp:term":[{"taxonomy":"category","embeddable":true,"href":"https:\/\/entretormentas.com\/index.php?rest_route=%2Fwp%2Fv2%2Fcategories&post=16314"},{"taxonomy":"post_tag","embeddable":true,"href":"https:\/\/entretormentas.com\/index.php?rest_route=%2Fwp%2Fv2%2Ftags&post=16314"}],"curies":[{"name":"wp","href":"https:\/\/api.w.org\/{rel}","templated":true}]}}