{"id":16317,"date":"2025-05-08T10:47:19","date_gmt":"2025-05-08T08:47:19","guid":{"rendered":"https:\/\/entretormentas.com\/?p=16317"},"modified":"2025-05-08T10:47:20","modified_gmt":"2025-05-08T08:47:20","slug":"dice-que-no-hubo-rescate-cabello-afirma-que-hubo-negociacion-en-situacion-en-la-embajada-de-argentina","status":"publish","type":"post","link":"https:\/\/entretormentas.com\/dice-que-no-hubo-rescate-cabello-afirma-que-hubo-negociacion-en-situacion-en-la-embajada-de-argentina\/","title":{"rendered":"\u00a1DICE QUE NO HUBO RESCATE! Cabello afirma que hubo negociaci\u00f3n en situaci\u00f3n en la embajada de Argentina"},"content":{"rendered":"\n<p><strong>ENTRE TORMENTAS. <\/strong>El ministro de Relaciones Interiores y vicepresidente del Psuv, Diosdado Cabello, asegur\u00f3 que \u00abtodo fue negociado\u00bb al referirse al caso de los asilados pol\u00edticos en la embajada de Argentina en Caracas, as\u00ed como a la salida del pa\u00eds de Corina Parisca, madre de la dirigente pol\u00edtica, Mar\u00eda Corina Machado.<\/p>\n\n\n\n<p>\u00abTerminaron negociando, como termin\u00f3 negociando Leopoldo L\u00f3pez y siempre negocian con sus intereses por delante\u00bb.<\/p>\n\n\n\n<p>Cabello dedic\u00f3 buena parte del inicio de su programa Con el Mazo Dando a la salida de los opositores que estaban en la representaci\u00f3n diplom\u00e1tica y que, segun el gobierno de Estados Unidos, fueron rescatados en una operaci\u00f3n especial y se encuentran en los Estados Unidos.<\/p>\n\n\n\n<p>\u00abEllos dicen que fueron unos h\u00e9roes. Miren, esa negociaci\u00f3n, esta se\u00f1ora (mostr\u00f3 una foto)es la mam\u00e1 de Mar\u00eda Machado, parte de la negociaci\u00f3n, \u00bfcu\u00e1ndo se fue la se\u00f1ora?, aqu\u00ed est\u00e1 su pasaporte, aqu\u00ed est\u00e1 su abordaje, salida el 5 de mayo, La Guaira-Colombia\u00bb, dijo.<\/p>\n\n\n\n<p>Cuestion\u00f3 que se haya tratado de una operaci\u00f3n de rescate y dijo que Machado \u00abpidi\u00f3 por su mam\u00e1 porque no la quiere tener, la van a meter en un asilo y no digo m\u00e1s, porque lo dem\u00e1s est\u00e1 en las cartas. Ellos negocian y no les importa m\u00e1s nadie, ella quiere quitarse de encima a su mam\u00e1 y mandarla a un asilo\u00bb.<\/p>\n\n\n\n<p>Desestim\u00f3 las versiones que han circulando sobre este caso. \u00abDijeron que fue una operaci\u00f3n extraordinaria, los que m\u00e1s o menos saben dicen que hubo una negociaci\u00f3n, no tienen nada qu\u00e9 decir (\u2026) la permanencia de esas personas en esa embajada depend\u00eda de ellos, nosotros no los metimos ah\u00ed\u00bb.<\/p>\n\n\n\n<p>Dijo que en la embajada no hab\u00eda cinco personas, sino cuatro porque \u00abel 20 de agosto se fue Claudia Macero. Luego sali\u00f3 Mart\u00ednez Mottola que luego falleci\u00f3, \u00e9l sali\u00f3 para su casa. Despu\u00e9s vino el desespero de por d\u00f3nde sal\u00edan, por la puerta y la escalera. No me devolvieron la escalera\u00bb, expres\u00f3.<\/p>\n\n\n\n<p>\u00abElla (Mar\u00eda Corina Machado) negoci\u00f3, por su mam\u00e1 de primerito, los cuatro estos, no puedo decir mucho, porque yo s\u00ed tengo palabra. \u00bfExtracci\u00f3n?, la \u00fanica extracci\u00f3n pendiente es la muela de Mar\u00eda Corina, del resto no han podido ni podr\u00e1n\u00bb, enfatiz\u00f3.<br><strong><em>ET \/ Agencias<\/em><\/strong><\/p>\n","protected":false},"excerpt":{"rendered":"<p>ENTRE TORMENTAS. El ministro de Relaciones Interiores y vicepresidente del Psuv, Diosdado Cabello, asegur\u00f3 que&#8230;<\/p>\n","protected":false},"author":2,"featured_media":16318,"comment_status":"closed","ping_status":"open","sticky":false,"template":"","format":"standard","meta":{"footnotes":""},"categories":[56,49],"tags":[],"class_list":["post-16317","post","type-post","status-publish","format-standard","has-post-thumbnail","hentry","category-destacadas","category-nacionales"],"_links":{"self":[{"href":"https:\/\/entretormentas.com\/index.php?rest_route=\/wp\/v2\/posts\/16317","targetHints":{"allow":["GET"]}}],"collection":[{"href":"https:\/\/entretormentas.com\/index.php?rest_route=\/wp\/v2\/posts"}],"about":[{"href":"https:\/\/entretormentas.com\/index.php?rest_route=\/wp\/v2\/types\/post"}],"author":[{"embeddable":true,"href":"https:\/\/entretormentas.com\/index.php?rest_route=\/wp\/v2\/users\/2"}],"replies":[{"embeddable":true,"href":"https:\/\/entretormentas.com\/index.php?rest_route=%2Fwp%2Fv2%2Fcomments&post=16317"}],"version-history":[{"count":1,"href":"https:\/\/entretormentas.com\/index.php?rest_route=\/wp\/v2\/posts\/16317\/revisions"}],"predecessor-version":[{"id":16319,"href":"https:\/\/entretormentas.com\/index.php?rest_route=\/wp\/v2\/posts\/16317\/revisions\/16319"}],"wp:featuredmedia":[{"embeddable":true,"href":"https:\/\/entretormentas.com\/index.php?rest_route=\/wp\/v2\/media\/16318"}],"wp:attachment":[{"href":"https:\/\/entretormentas.com\/index.php?rest_route=%2Fwp%2Fv2%2Fmedia&parent=16317"}],"wp:term":[{"taxonomy":"category","embeddable":true,"href":"https:\/\/entretormentas.com\/index.php?rest_route=%2Fwp%2Fv2%2Fcategories&post=16317"},{"taxonomy":"post_tag","embeddable":true,"href":"https:\/\/entretormentas.com\/index.php?rest_route=%2Fwp%2Fv2%2Ftags&post=16317"}],"curies":[{"name":"wp","href":"https:\/\/api.w.org\/{rel}","templated":true}]}}