{"id":16320,"date":"2025-05-08T10:50:01","date_gmt":"2025-05-08T08:50:01","guid":{"rendered":"https:\/\/entretormentas.com\/?p=16320"},"modified":"2025-05-08T10:50:02","modified_gmt":"2025-05-08T08:50:02","slug":"ilusionados-el-psg-vence-al-arsenal-y-jugara-la-final-de-la-champions-contra-el-inter","status":"publish","type":"post","link":"https:\/\/entretormentas.com\/ilusionados-el-psg-vence-al-arsenal-y-jugara-la-final-de-la-champions-contra-el-inter\/","title":{"rendered":"\u00a1ILUSIONADOS! El PSG vence al Arsenal y jugar\u00e1 la final de la Champions contra el Inter"},"content":{"rendered":"\n<p><strong>ENTRE TORMENTAS. <\/strong>Misi\u00f3n cumplida para Luis Enrique: el PSG venci\u00f3 2-1 al Arsenal este mi\u00e9rcoles en la vuelta de semifinales de la Liga de Campeones y se enfrentar\u00e1 en la final, el 31 de mayo en M\u00fanich, al Inter de Mil\u00e1n.<\/p>\n\n\n\n<p>El espa\u00f1ol Fabi\u00e1n Ruiz (27) y el marroqu\u00ed Achraf Hakimi (72) distanciaron al PSG y Bukayo Saka acort\u00f3 en el 76 para los Gunners, que ya hab\u00edan llegado al partido contra las cuerdas por la derrota 1-0 de la semana pasada en la ida en Londres.<\/p>\n\n\n\n<p>Entonces el \u00fanico tanto del partido lo firm\u00f3 Ousmane Dembel\u00e9, que se lesion\u00f3 en ese choque de ida en un muslo y fue suplente en la vuelta, entrando en juego solo para los \u00faltimos veinte minutos. No anot\u00f3 esta vez, pero fue el autor de la asistencia del gol de Hakimi.<\/p>\n\n\n\n<figure class=\"wp-block-image size-full\"><img fetchpriority=\"high\" decoding=\"async\" width=\"416\" height=\"234\" src=\"https:\/\/entretormentas.com\/wp-content\/uploads\/2025\/05\/psgg2.jpg\" alt=\"\" class=\"wp-image-16321\" srcset=\"https:\/\/entretormentas.com\/wp-content\/uploads\/2025\/05\/psgg2.jpg 416w, https:\/\/entretormentas.com\/wp-content\/uploads\/2025\/05\/psgg2-300x169.jpg 300w\" sizes=\"(max-width: 416px) 100vw, 416px\" \/><\/figure>\n\n\n\n<p><strong>BUSCAN LA REVANCHA<\/strong><br>El PSG se ilusiona ahora con la segunda final de su historia en el m\u00e1ximo torneo europeo, despu\u00e9s de la correspondiente a 2020, que perdi\u00f3 1-0 ante el Bayern de M\u00fanich en la edici\u00f3n que termin\u00f3 en agosto por la pandemia del covid-19.<\/p>\n\n\n\n<p>Sus hinchas no pudieron vivir en vivo esa primera final porque el partido se jug\u00f3 en Lisboa a puerta cerrada, por lo que esta segunda oportunidad tendr\u00e1 un sabor especial.<\/p>\n\n\n\n<p>Levantar la Orejona es la obsesi\u00f3n del PSG especialmente desde la llegada de sus propietarios catar\u00edes en 2011, y esta clasificaci\u00f3n para la final llega en la primera temporada desde la marcha de su estrella Kylian Mbapp\u00e9 al Real Madrid, campe\u00f3n de la anterior edici\u00f3n de la Champions pero eliminado este a\u00f1o en cuartos de final por el Arsenal.<\/p>\n\n\n\n<p>Francia aspirar\u00e1 a su segundo t\u00edtulo de campe\u00f3n de Europa, pues en el pasado \u00fanicamente pudo lograr coronarse en una ocasi\u00f3n, con el Marsella en 1993.<\/p>\n\n\n\n<p>El Arsenal se qued\u00f3 en puertas de una segunda final en Champions, despu\u00e9s de la que perdi\u00f3 en 2006 ante el Barcelona.<br><strong><em>ET \/ Agencias<\/em><\/strong><\/p>\n\n\n\n<p><\/p>\n","protected":false},"excerpt":{"rendered":"<p>ENTRE TORMENTAS. Misi\u00f3n cumplida para Luis Enrique: el PSG venci\u00f3 2-1 al Arsenal este mi\u00e9rcoles&#8230;<\/p>\n","protected":false},"author":2,"featured_media":16322,"comment_status":"closed","ping_status":"open","sticky":false,"template":"","format":"standard","meta":{"footnotes":""},"categories":[53,56],"tags":[],"class_list":["post-16320","post","type-post","status-publish","format-standard","has-post-thumbnail","hentry","category-deportes","category-destacadas"],"_links":{"self":[{"href":"https:\/\/entretormentas.com\/index.php?rest_route=\/wp\/v2\/posts\/16320","targetHints":{"allow":["GET"]}}],"collection":[{"href":"https:\/\/entretormentas.com\/index.php?rest_route=\/wp\/v2\/posts"}],"about":[{"href":"https:\/\/entretormentas.com\/index.php?rest_route=\/wp\/v2\/types\/post"}],"author":[{"embeddable":true,"href":"https:\/\/entretormentas.com\/index.php?rest_route=\/wp\/v2\/users\/2"}],"replies":[{"embeddable":true,"href":"https:\/\/entretormentas.com\/index.php?rest_route=%2Fwp%2Fv2%2Fcomments&post=16320"}],"version-history":[{"count":1,"href":"https:\/\/entretormentas.com\/index.php?rest_route=\/wp\/v2\/posts\/16320\/revisions"}],"predecessor-version":[{"id":16323,"href":"https:\/\/entretormentas.com\/index.php?rest_route=\/wp\/v2\/posts\/16320\/revisions\/16323"}],"wp:featuredmedia":[{"embeddable":true,"href":"https:\/\/entretormentas.com\/index.php?rest_route=\/wp\/v2\/media\/16322"}],"wp:attachment":[{"href":"https:\/\/entretormentas.com\/index.php?rest_route=%2Fwp%2Fv2%2Fmedia&parent=16320"}],"wp:term":[{"taxonomy":"category","embeddable":true,"href":"https:\/\/entretormentas.com\/index.php?rest_route=%2Fwp%2Fv2%2Fcategories&post=16320"},{"taxonomy":"post_tag","embeddable":true,"href":"https:\/\/entretormentas.com\/index.php?rest_route=%2Fwp%2Fv2%2Ftags&post=16320"}],"curies":[{"name":"wp","href":"https:\/\/api.w.org\/{rel}","templated":true}]}}