{"id":16324,"date":"2025-05-08T10:54:08","date_gmt":"2025-05-08T08:54:08","guid":{"rendered":"https:\/\/entretormentas.com\/?p=16324"},"modified":"2025-05-08T10:54:09","modified_gmt":"2025-05-08T08:54:09","slug":"aun-no-hay-nuevo-papa-primera-fumata-en-el-conclave-fue-negra","status":"publish","type":"post","link":"https:\/\/entretormentas.com\/aun-no-hay-nuevo-papa-primera-fumata-en-el-conclave-fue-negra\/","title":{"rendered":"\u00a1A\u00daN NO HAY NUEVO PAPA! Primera fumata en el c\u00f3nclave fue negra"},"content":{"rendered":"\n<p><strong>ENTRE TORMENTAS. <\/strong>La primera fumata del c\u00f3nclave de este 7 de mayo de 2025 fue negra, lo que indica que en la primera votaci\u00f3n de los 133 cardenales no se eligi\u00f3 Papa.<\/p>\n\n\n\n<p>La fumata negra apareci\u00f3 poco despu\u00e9s de las 21:00 (hora de Roma), confirmando que ning\u00fan candidato alcanz\u00f3 los 89 votos necesarios de los 133 cardenales electores.<\/p>\n\n\n\n<p>A partir de este jueves 8 de mayo, el proceso habitual contempla hasta cuatro votaciones diarias: dos por la ma\u00f1ana y dos por la tarde. Si ninguna votaci\u00f3n es concluyente, se queman juntas las papeletas de ambas sesiones y la fumata suele verse cerca del mediod\u00eda y al anochecer.<\/p>\n\n\n\n<figure class=\"wp-block-image size-large\"><img fetchpriority=\"high\" decoding=\"async\" width=\"1024\" height=\"565\" src=\"https:\/\/entretormentas.com\/wp-content\/uploads\/2025\/05\/fumata2-1024x565.jpg\" alt=\"\" class=\"wp-image-16325\" srcset=\"https:\/\/entretormentas.com\/wp-content\/uploads\/2025\/05\/fumata2-1024x565.jpg 1024w, https:\/\/entretormentas.com\/wp-content\/uploads\/2025\/05\/fumata2-300x166.jpg 300w, https:\/\/entretormentas.com\/wp-content\/uploads\/2025\/05\/fumata2-768x424.jpg 768w, https:\/\/entretormentas.com\/wp-content\/uploads\/2025\/05\/fumata2.jpg 1123w\" sizes=\"(max-width: 1024px) 100vw, 1024px\" \/><\/figure>\n\n\n\n<p>Si el Papa es elegido en la primera votaci\u00f3n de la ma\u00f1ana, el humo blanco aparecer\u00e1 poco despu\u00e9s de las 10:30; si es por la tarde, ser\u00e1 tras las 17:30.<\/p>\n\n\n\n<p>Por tanto, los fieles pueden esperar hasta cuatro posibles fumatas cada d\u00eda, dos en la ma\u00f1ana y dos en la tarde, hasta que haya humo blanco y se anuncie al nuevo pont\u00edfice.<\/p>\n\n\n\n<p>Los cardenales electores, en la Capilla Sixtina, tienen desde el mi\u00e9rcoles la responsabilidad de elegir al Papa n\u00famero 267 para que dirija la Iglesia Cat\u00f3lica, teniendo como br\u00fajula la voluntad de Dios.<br><strong><em>ET \/ Agencias<\/em><\/strong><\/p>\n","protected":false},"excerpt":{"rendered":"<p>ENTRE TORMENTAS. La primera fumata del c\u00f3nclave de este 7 de mayo de 2025 fue&#8230;<\/p>\n","protected":false},"author":2,"featured_media":16326,"comment_status":"closed","ping_status":"open","sticky":false,"template":"","format":"standard","meta":{"footnotes":""},"categories":[56,48],"tags":[],"class_list":["post-16324","post","type-post","status-publish","format-standard","has-post-thumbnail","hentry","category-destacadas","category-internacionales"],"_links":{"self":[{"href":"https:\/\/entretormentas.com\/index.php?rest_route=\/wp\/v2\/posts\/16324","targetHints":{"allow":["GET"]}}],"collection":[{"href":"https:\/\/entretormentas.com\/index.php?rest_route=\/wp\/v2\/posts"}],"about":[{"href":"https:\/\/entretormentas.com\/index.php?rest_route=\/wp\/v2\/types\/post"}],"author":[{"embeddable":true,"href":"https:\/\/entretormentas.com\/index.php?rest_route=\/wp\/v2\/users\/2"}],"replies":[{"embeddable":true,"href":"https:\/\/entretormentas.com\/index.php?rest_route=%2Fwp%2Fv2%2Fcomments&post=16324"}],"version-history":[{"count":1,"href":"https:\/\/entretormentas.com\/index.php?rest_route=\/wp\/v2\/posts\/16324\/revisions"}],"predecessor-version":[{"id":16327,"href":"https:\/\/entretormentas.com\/index.php?rest_route=\/wp\/v2\/posts\/16324\/revisions\/16327"}],"wp:featuredmedia":[{"embeddable":true,"href":"https:\/\/entretormentas.com\/index.php?rest_route=\/wp\/v2\/media\/16326"}],"wp:attachment":[{"href":"https:\/\/entretormentas.com\/index.php?rest_route=%2Fwp%2Fv2%2Fmedia&parent=16324"}],"wp:term":[{"taxonomy":"category","embeddable":true,"href":"https:\/\/entretormentas.com\/index.php?rest_route=%2Fwp%2Fv2%2Fcategories&post=16324"},{"taxonomy":"post_tag","embeddable":true,"href":"https:\/\/entretormentas.com\/index.php?rest_route=%2Fwp%2Fv2%2Ftags&post=16324"}],"curies":[{"name":"wp","href":"https:\/\/api.w.org\/{rel}","templated":true}]}}