{"id":16328,"date":"2025-05-08T20:35:22","date_gmt":"2025-05-08T18:35:22","guid":{"rendered":"https:\/\/entretormentas.com\/?p=16328"},"modified":"2025-05-08T20:35:23","modified_gmt":"2025-05-08T18:35:23","slug":"apoyo-cultural-gobernacion-entrega-sonido-a-escuelas-de-gaita-para-fortalecer-el-talento-regional","status":"publish","type":"post","link":"https:\/\/entretormentas.com\/apoyo-cultural-gobernacion-entrega-sonido-a-escuelas-de-gaita-para-fortalecer-el-talento-regional\/","title":{"rendered":"\u00a1APOYO CULTURAL! \u200eGobernaci\u00f3n entrega sonido a Escuelas de Gaita para fortalecer el talento regional"},"content":{"rendered":"\n<p><br><strong>ENTRE TORMENTAS. <\/strong>Con el firme compromiso de preservar y promover el patrimonio musical zuliano, la Gobernaci\u00f3n del Estado, a trav\u00e9s de la Fundaci\u00f3n de la Gaita Ricardo Aguirre del Estado Zulia (Fundagraez), realiz\u00f3 la entrega de cornetas de sonido a diversas Escuelas de Gaita de Comunidad, en una jornada que reafirma el respaldo institucional al desarrollo art\u00edstico en todos los espacios de la regi\u00f3n.<br>\u200e<br>\u200eDurante el acto de entrega, realizado en el Boulevard de Santa Luc\u00eda, Parroquia Santa Luc\u00eda del Municipio Maracaibo, Ronni Aguirre, presidente de Fundagraez, destac\u00f3 la importancia de dotar a los espacios formativos de las herramientas necesarias para el fortalecimiento de la identidad cultural del Zulia, especialmente a trav\u00e9s de la gaita, expresi\u00f3n musical emblem\u00e1tica de nuestra tierra.<br>\u200e<br>\u200e<br><strong>\u200ePROGRAMAS DE FUNDAGRAEZ<\/strong><br>\u200eLas Escuelas de Gaita de Comunidad beneficiadas forman parte del programa \u00abComo la tocan los ni\u00f1os\u00bb, un impulso al talento local que desarrolla la Gobernaci\u00f3n. Estas escuelas cumplen un rol fundamental en la formaci\u00f3n de ni\u00f1os, ni\u00f1as y adolescentes en zonas populares, brind\u00e1ndoles oportunidades de crecimiento art\u00edstico y alej\u00e1ndolos de entornos de riesgo.<br>\u200e<br>\u200eCon esta acci\u00f3n, la Gobernaci\u00f3n del Zulia reitera su compromiso con la cultura como motor de transformaci\u00f3n social, sembrando futuro a trav\u00e9s de la gaita zuliana.<\/p>\n\n\n\n<figure class=\"wp-block-image size-large\"><img fetchpriority=\"high\" decoding=\"async\" width=\"1024\" height=\"830\" src=\"https:\/\/entretormentas.com\/wp-content\/uploads\/2025\/05\/gaiteri2-1024x830.jpg\" alt=\"\" class=\"wp-image-16329\" srcset=\"https:\/\/entretormentas.com\/wp-content\/uploads\/2025\/05\/gaiteri2-1024x830.jpg 1024w, https:\/\/entretormentas.com\/wp-content\/uploads\/2025\/05\/gaiteri2-300x243.jpg 300w, https:\/\/entretormentas.com\/wp-content\/uploads\/2025\/05\/gaiteri2-768x623.jpg 768w, https:\/\/entretormentas.com\/wp-content\/uploads\/2025\/05\/gaiteri2.jpg 1067w\" sizes=\"(max-width: 1024px) 100vw, 1024px\" \/><\/figure>\n\n\n\n<p><br><br><strong>\u200eCOMUNIDADES BENEFICIADAS<\/strong><br>\u200eLas parroquias del municipio Maracaibo que recibieron este beneficio incluyen:<br>\u200e\u2022 Bol\u00edvar: VERIGAITAS<br>\u200e\u2022 Chiquinquir\u00e1: Escuela Guillermo Memo Larreal y Servidores de Mar\u00eda de la Secci\u00f3n Infantil \u2013 Juvenil<br>\u200e\u2022 Manuel Dagnino: Pascueritos de San Ignacio<br>\u200e\u2022 Cristo de Aranza: Escuela de Gaitas Ram\u00f3n Rinc\u00f3n<br>\u200e\u2022 Cacique Mara: Gaiteritos de Amparo<br>\u200e\u2022 Coquivacoa: Juveniles de la Gaita<br>\u200e\u2022 Francisco Eugenio Bustamante: Escuela de Gaita Jes\u00fas Ter\u00e1n Chav\u00edn<br>\u200e\u2022 Juana de \u00c1vila: Ensamble Zuliano y Gaiteritos de Juana de \u00c1vila<br>\u200e\u2022 Ra\u00fal Leoni: Gaiteritos de San Alejo<br>\u200e\u2022 Venancio Pulgar: Colosalitos<br>\u200e\u2022 Santa Luc\u00eda: Semillas de Luz<br>\u200e\u2022 Olegario Villalobos: Escuela de Gaita Betulio Medina<br>\u200e<br>\u200eAdem\u00e1s, tambi\u00e9n recibieron el beneficio los Gaiteritos de la Portuaria del Municipio San Francisco.<br>\u200e<br>\u200eCon est\u00e1 iniciativa el Gobernador Manuel Rosales Guerrero, contin\u00faa trabajando para fortalecer la cultura y el talento musical en la regi\u00f3n, asegurando que las tradiciones zulianas sigan vivas en las nuevas generaciones.<br><strong><em>ET \/ Nota de Prensa<\/em><\/strong><\/p>\n\n\n\n<p><\/p>\n","protected":false},"excerpt":{"rendered":"<p>ENTRE TORMENTAS. Con el firme compromiso de preservar y promover el patrimonio musical zuliano, la&#8230;<\/p>\n","protected":false},"author":2,"featured_media":16330,"comment_status":"closed","ping_status":"open","sticky":false,"template":"","format":"standard","meta":{"footnotes":""},"categories":[1],"tags":[],"class_list":["post-16328","post","type-post","status-publish","format-standard","has-post-thumbnail","hentry","category-regionales"],"_links":{"self":[{"href":"https:\/\/entretormentas.com\/index.php?rest_route=\/wp\/v2\/posts\/16328","targetHints":{"allow":["GET"]}}],"collection":[{"href":"https:\/\/entretormentas.com\/index.php?rest_route=\/wp\/v2\/posts"}],"about":[{"href":"https:\/\/entretormentas.com\/index.php?rest_route=\/wp\/v2\/types\/post"}],"author":[{"embeddable":true,"href":"https:\/\/entretormentas.com\/index.php?rest_route=\/wp\/v2\/users\/2"}],"replies":[{"embeddable":true,"href":"https:\/\/entretormentas.com\/index.php?rest_route=%2Fwp%2Fv2%2Fcomments&post=16328"}],"version-history":[{"count":1,"href":"https:\/\/entretormentas.com\/index.php?rest_route=\/wp\/v2\/posts\/16328\/revisions"}],"predecessor-version":[{"id":16331,"href":"https:\/\/entretormentas.com\/index.php?rest_route=\/wp\/v2\/posts\/16328\/revisions\/16331"}],"wp:featuredmedia":[{"embeddable":true,"href":"https:\/\/entretormentas.com\/index.php?rest_route=\/wp\/v2\/media\/16330"}],"wp:attachment":[{"href":"https:\/\/entretormentas.com\/index.php?rest_route=%2Fwp%2Fv2%2Fmedia&parent=16328"}],"wp:term":[{"taxonomy":"category","embeddable":true,"href":"https:\/\/entretormentas.com\/index.php?rest_route=%2Fwp%2Fv2%2Fcategories&post=16328"},{"taxonomy":"post_tag","embeddable":true,"href":"https:\/\/entretormentas.com\/index.php?rest_route=%2Fwp%2Fv2%2Ftags&post=16328"}],"curies":[{"name":"wp","href":"https:\/\/api.w.org\/{rel}","templated":true}]}}