{"id":16332,"date":"2025-05-08T20:40:45","date_gmt":"2025-05-08T18:40:45","guid":{"rendered":"https:\/\/entretormentas.com\/?p=16332"},"modified":"2025-05-08T20:40:46","modified_gmt":"2025-05-08T18:40:46","slug":"con-la-calle-en-el-corazon-el-candidato-del-psuv-y-gpp-por-el-circuito-7-de-maracaibo-rafael-larez-quiere-ser-la-voz-de-los-que-no-tienen-voz","status":"publish","type":"post","link":"https:\/\/entretormentas.com\/con-la-calle-en-el-corazon-el-candidato-del-psuv-y-gpp-por-el-circuito-7-de-maracaibo-rafael-larez-quiere-ser-la-voz-de-los-que-no-tienen-voz\/","title":{"rendered":"\u00a1CON LA CALLE EN EL CORAZ\u00d3N! El candidato del PSUV y GPP por el circuito 7 de Maracaibo, Rafael L\u00e1rez, quiere ser \u00abla voz de los que no tienen voz\u00bb"},"content":{"rendered":"\n<p><strong>ENTRE TORMENTAS.<\/strong> Con el firme prop\u00f3sito de \u00abser la voz de los que no tienen voz\u00bb, el Partido Socialista Unido de Venezuela (PSUV) y el Gran Polo Patri\u00f3tico cuentan con Rafael L\u00e1rez como su candidato a la Asamblea Nacional por el Circuito 7 de Maracaibo, conformado por las parroquias Cacique Mara, Cecilio Acosta y Cristo de Aranza.<\/p>\n\n\n\n<p>Nacido y criado en el barrio La Pastora de la parroquia Cecilio Acosta, Rafael L\u00e1rez, representa la esencia del l\u00edder comunitario. Desde ni\u00f1o aprendi\u00f3 a escuchar las necesidades de su gente. Actualmente es Concejal de Maracaibo con trayectoria probada en la denuncia de los problemas que azotan a las comunidades marabinas y en la b\u00fasqueda de soluciones concretas.<\/p>\n\n\n\n<figure class=\"wp-block-image size-full\"><img fetchpriority=\"high\" decoding=\"async\" width=\"960\" height=\"821\" src=\"https:\/\/entretormentas.com\/wp-content\/uploads\/2025\/05\/candi2.jpg\" alt=\"\" class=\"wp-image-16333\" srcset=\"https:\/\/entretormentas.com\/wp-content\/uploads\/2025\/05\/candi2.jpg 960w, https:\/\/entretormentas.com\/wp-content\/uploads\/2025\/05\/candi2-300x257.jpg 300w, https:\/\/entretormentas.com\/wp-content\/uploads\/2025\/05\/candi2-768x657.jpg 768w\" sizes=\"(max-width: 960px) 100vw, 960px\" \/><\/figure>\n\n\n\n<p>Es Doctor en Ciencias Pol\u00edticas y profesor de LUZ, lo que le permite establecer una combinaci\u00f3n del conocimiento acad\u00e9mico con la pr\u00e1ctica social, convirti\u00e9ndolo en un joven cercano y activo en su comunidad. Asegura L\u00e1rez: \u00abNo creo en escritorios; mi oficina es la calle\u00bb.<\/p>\n\n\n\n<p>Algunas de las frases que precisan su compromiso pol\u00edtico y social, definen su aspiraci\u00f3n para legislar por el pueblo: \u201ccomo ustedes, conozco bien sus necesidades y por eso lucho y seguir\u00e9 luchando, como diputado ante la AN ser\u00e9 un puente, no un muro y representar\u00e9 la real presencia de la gente ante las instancias legislativas.<\/p>\n\n\n\n<p>El candidato asegur\u00f3 que este 25 de mayo no solo elegimos, sino que empezamos a escribir junto a Luis Caldera en la Gobernaci\u00f3n del Zulia una nueva historia para nuestro estado, en la que veremos las grandes transformaciones que necesitamos\u00bb.<\/p>\n\n\n\n<figure class=\"wp-block-image size-full\"><img decoding=\"async\" width=\"960\" height=\"700\" src=\"https:\/\/entretormentas.com\/wp-content\/uploads\/2025\/05\/candi3.jpg\" alt=\"\" class=\"wp-image-16334\" srcset=\"https:\/\/entretormentas.com\/wp-content\/uploads\/2025\/05\/candi3.jpg 960w, https:\/\/entretormentas.com\/wp-content\/uploads\/2025\/05\/candi3-300x219.jpg 300w, https:\/\/entretormentas.com\/wp-content\/uploads\/2025\/05\/candi3-768x560.jpg 768w\" sizes=\"(max-width: 960px) 100vw, 960px\" \/><\/figure>\n\n\n\n<p>\u201cNuestro proyecto contempla un circuito con luz propia, por lo que impulsar\u00e1 propuestas para la soluci\u00f3n inmediata de las complicaciones m\u00e1s urgentes; igualmente la promoci\u00f3n de programas sociales con participaci\u00f3n directa de las comunidades, en los que haya un fortalecimiento de la educaci\u00f3n y empleo juvenil. Pero todo lo lograremos trabajando en equipo con el Luis Caldera desde la Gobernaci\u00f3n, para garantizar los recursos y atenci\u00f3n al circuito\u201d, afirmo L\u00e1rez.<\/p>\n\n\n\n<p>El candidato invita a toda la comunidad a estar pendiente de sus redes sociales y sus canales de informaci\u00f3n, por donde estar\u00e1 informando las diferentes actividades que se estar\u00e1n llevando a cabo con motivo de la campa\u00f1a electoral.<br><strong><em>ET \/ Nota de Prensa<\/em><\/strong><\/p>\n\n\n\n<p><\/p>\n","protected":false},"excerpt":{"rendered":"<p>ENTRE TORMENTAS. Con el firme prop\u00f3sito de \u00abser la voz de los que no tienen&#8230;<\/p>\n","protected":false},"author":2,"featured_media":16335,"comment_status":"closed","ping_status":"open","sticky":false,"template":"","format":"standard","meta":{"footnotes":""},"categories":[1],"tags":[],"class_list":["post-16332","post","type-post","status-publish","format-standard","has-post-thumbnail","hentry","category-regionales"],"_links":{"self":[{"href":"https:\/\/entretormentas.com\/index.php?rest_route=\/wp\/v2\/posts\/16332","targetHints":{"allow":["GET"]}}],"collection":[{"href":"https:\/\/entretormentas.com\/index.php?rest_route=\/wp\/v2\/posts"}],"about":[{"href":"https:\/\/entretormentas.com\/index.php?rest_route=\/wp\/v2\/types\/post"}],"author":[{"embeddable":true,"href":"https:\/\/entretormentas.com\/index.php?rest_route=\/wp\/v2\/users\/2"}],"replies":[{"embeddable":true,"href":"https:\/\/entretormentas.com\/index.php?rest_route=%2Fwp%2Fv2%2Fcomments&post=16332"}],"version-history":[{"count":1,"href":"https:\/\/entretormentas.com\/index.php?rest_route=\/wp\/v2\/posts\/16332\/revisions"}],"predecessor-version":[{"id":16336,"href":"https:\/\/entretormentas.com\/index.php?rest_route=\/wp\/v2\/posts\/16332\/revisions\/16336"}],"wp:featuredmedia":[{"embeddable":true,"href":"https:\/\/entretormentas.com\/index.php?rest_route=\/wp\/v2\/media\/16335"}],"wp:attachment":[{"href":"https:\/\/entretormentas.com\/index.php?rest_route=%2Fwp%2Fv2%2Fmedia&parent=16332"}],"wp:term":[{"taxonomy":"category","embeddable":true,"href":"https:\/\/entretormentas.com\/index.php?rest_route=%2Fwp%2Fv2%2Fcategories&post=16332"},{"taxonomy":"post_tag","embeddable":true,"href":"https:\/\/entretormentas.com\/index.php?rest_route=%2Fwp%2Fv2%2Ftags&post=16332"}],"curies":[{"name":"wp","href":"https:\/\/api.w.org\/{rel}","templated":true}]}}