{"id":16341,"date":"2025-05-08T20:50:01","date_gmt":"2025-05-08T18:50:01","guid":{"rendered":"https:\/\/entretormentas.com\/?p=16341"},"modified":"2025-05-08T20:50:03","modified_gmt":"2025-05-08T18:50:03","slug":"habemus-papam-leon-xiv-es-el-nuevo-papa-de-la-iglesia-catolica-universal","status":"publish","type":"post","link":"https:\/\/entretormentas.com\/habemus-papam-leon-xiv-es-el-nuevo-papa-de-la-iglesia-catolica-universal\/","title":{"rendered":"\u00a1HABEMUS PAPAM! Le\u00f3n XIV es el nuevo Papa de la Iglesia cat\u00f3lica universal"},"content":{"rendered":"\n<p><strong>ENTRE TORMENTAS.<\/strong> Annuntio vobis gaudium magnum: habemus Papam!, \u201cLes anuncio con gran alegr\u00eda: \u00a1Tenemos Papa!\u201d. Con estas palabras y desde el Balc\u00f3n central de la Bas\u00edlica de San Pedro, el Cardenal Protodi\u00e1cono, Dominique Mamberti, ha pronunciado la esperada f\u00f3rmula latina, comunicando a Roma y al mundo el nombre del nuevo Sucesor de Pedro:<\/p>\n\n\n\n<p>\u201cEminentissimum ac Reverendissimum Dominum, Dominum Robertum Franciscum Sanct\u00e6 Roman\u00e6 Ecclesi\u00e6 Cardinale Prevost, qui sibi nomen imposuit Le\u00f3n XIV.<\/p>\n\n\n\n<p>He aqu\u00ed la traducci\u00f3n en espa\u00f1ol: \u201cEminent\u00edsimo y Reverend\u00edsimo Se\u00f1or, Se\u00f1or Robert Francis Cardenal de la Santa Romana Iglesia Prevost, quien ha tomado el nombre de Le\u00f3n XIV\u201d.<\/p>\n\n\n\n<figure class=\"wp-block-image size-large\"><img fetchpriority=\"high\" decoding=\"async\" width=\"1024\" height=\"998\" src=\"https:\/\/entretormentas.com\/wp-content\/uploads\/2025\/05\/habemus2-1024x998.jpg\" alt=\"\" class=\"wp-image-16342\" srcset=\"https:\/\/entretormentas.com\/wp-content\/uploads\/2025\/05\/habemus2-1024x998.jpg 1024w, https:\/\/entretormentas.com\/wp-content\/uploads\/2025\/05\/habemus2-300x293.jpg 300w, https:\/\/entretormentas.com\/wp-content\/uploads\/2025\/05\/habemus2-768x749.jpg 768w, https:\/\/entretormentas.com\/wp-content\/uploads\/2025\/05\/habemus2.jpg 1080w\" sizes=\"(max-width: 1024px) 100vw, 1024px\" \/><\/figure>\n\n\n\n<p><strong>\u00bfQUI\u00c9N ES ROBERT PREVOST!<\/strong><br>Robert Prevost, considerado un l\u00edder experimentado dentro de la Iglesia cat\u00f3lica y por muchos a\u00f1os una figura importante del clero en Per\u00fa, fue elegido como el papa Le\u00f3n XIV.<\/p>\n\n\n\n<p>Prevost ha desempe\u00f1ado un papel vital al frente de la poderosa oficina del Vaticano para el nombramiento de obispos, evaluando a los candidatos y formulando recomendaciones al papa.<\/p>\n\n\n\n<p>Es miembro de la orden religiosa agustina, de la que lleg\u00f3 a ser superior global.<\/p>\n\n\n\n<p>Prevost, nacido en Chicago en 1955, es prefecto del Dicasterio para los Obispos y presidente de la Comisi\u00f3n Pontificia para Am\u00e9rica Latina. Ingres\u00f3 a la Orden de San Agust\u00edn en 1977, se orden\u00f3 sacerdote en 1982 y obtuvo un doctorado en derecho can\u00f3nico en Roma.<\/p>\n\n\n\n<p>Trabaj\u00f3 extensamente en Per\u00fa, en misiones y formaci\u00f3n de aspirantes agustinos, y fue obispo de Chiclayo desde 2015. Luego, en 2018, asumi\u00f3 el cargo de segundo vicepresidente de la Conferencia Episcopal Peruana. Fue tambi\u00e9n administrador apost\u00f3lico de Callao, designado por el papa Francisco en 2020.<\/p>\n\n\n\n<p>Ha ocupado varios cargos en congregaciones vaticanas y fue nombrado cardenal y prefecto del Dicasterio para los Obispos y presidente de la Pontificia Comisi\u00f3n para Am\u00e9rica Latina en enero de 2023.<\/p>\n\n\n\n<p>Si bien se suele decir que los cardenales electores siempre se muestran reticentes a elegir a un papa estadounidense debido a la influencia pol\u00edtica global de este pa\u00eds, la larga experiencia de Prevost en Per\u00fa podr\u00eda contribuir a mitigar esta situaci\u00f3n.<br><strong><em>ET \/ VATICAN NEWS<\/em><\/strong><\/p>\n\n\n\n<p><\/p>\n","protected":false},"excerpt":{"rendered":"<p>ENTRE TORMENTAS. Annuntio vobis gaudium magnum: habemus Papam!, \u201cLes anuncio con gran alegr\u00eda: \u00a1Tenemos Papa!\u201d&#8230;.<\/p>\n","protected":false},"author":2,"featured_media":16343,"comment_status":"closed","ping_status":"open","sticky":false,"template":"","format":"standard","meta":{"footnotes":""},"categories":[56,48],"tags":[],"class_list":["post-16341","post","type-post","status-publish","format-standard","has-post-thumbnail","hentry","category-destacadas","category-internacionales"],"_links":{"self":[{"href":"https:\/\/entretormentas.com\/index.php?rest_route=\/wp\/v2\/posts\/16341","targetHints":{"allow":["GET"]}}],"collection":[{"href":"https:\/\/entretormentas.com\/index.php?rest_route=\/wp\/v2\/posts"}],"about":[{"href":"https:\/\/entretormentas.com\/index.php?rest_route=\/wp\/v2\/types\/post"}],"author":[{"embeddable":true,"href":"https:\/\/entretormentas.com\/index.php?rest_route=\/wp\/v2\/users\/2"}],"replies":[{"embeddable":true,"href":"https:\/\/entretormentas.com\/index.php?rest_route=%2Fwp%2Fv2%2Fcomments&post=16341"}],"version-history":[{"count":1,"href":"https:\/\/entretormentas.com\/index.php?rest_route=\/wp\/v2\/posts\/16341\/revisions"}],"predecessor-version":[{"id":16344,"href":"https:\/\/entretormentas.com\/index.php?rest_route=\/wp\/v2\/posts\/16341\/revisions\/16344"}],"wp:featuredmedia":[{"embeddable":true,"href":"https:\/\/entretormentas.com\/index.php?rest_route=\/wp\/v2\/media\/16343"}],"wp:attachment":[{"href":"https:\/\/entretormentas.com\/index.php?rest_route=%2Fwp%2Fv2%2Fmedia&parent=16341"}],"wp:term":[{"taxonomy":"category","embeddable":true,"href":"https:\/\/entretormentas.com\/index.php?rest_route=%2Fwp%2Fv2%2Fcategories&post=16341"},{"taxonomy":"post_tag","embeddable":true,"href":"https:\/\/entretormentas.com\/index.php?rest_route=%2Fwp%2Fv2%2Ftags&post=16341"}],"curies":[{"name":"wp","href":"https:\/\/api.w.org\/{rel}","templated":true}]}}