{"id":16345,"date":"2025-05-09T00:47:09","date_gmt":"2025-05-08T22:47:09","guid":{"rendered":"https:\/\/entretormentas.com\/?p=16345"},"modified":"2025-05-09T00:47:10","modified_gmt":"2025-05-08T22:47:10","slug":"en-visperas-del-dia-de-las-madres-alcaldia-de-maracaibo-desmaleza-cementerios-municipales","status":"publish","type":"post","link":"https:\/\/entretormentas.com\/en-visperas-del-dia-de-las-madres-alcaldia-de-maracaibo-desmaleza-cementerios-municipales\/","title":{"rendered":"\u00a1EN V\u00cdSPERAS DEL D\u00cdA DE LAS MADRES! Alcald\u00eda de Maracaibo desmaleza cementerios municipales"},"content":{"rendered":"\n<p><strong>ENTRE TORMENTAS.<\/strong> A un ritmo acelerado, las labores de desmalezamiento y acondicionamiento, por parte de la Alcald\u00eda de Maracaibo a trav\u00e9s del Servicio Desconcentrado de Cementerios Municipales de Maracaibo (SEDECEMA), en los camposantos San Jos\u00e9 y Sagrado Coraz\u00f3n de Jes\u00fas, culminaron dejando espacios dignos para la comunidad, as\u00ed lo inform\u00f3 el alcalde encargado Adri\u00e1n Romero Mart\u00ednez este mi\u00e9rcoles 7 de mayo.<\/p>\n\n\n\n<p>\u201cDos meses y medio tardamos haciendo un trabajito de hormiga, con muchas dificultades, pero hoy podemos darnos la satisfacci\u00f3n de entregarle a Maracaibo el cementerio Coraz\u00f3n de Jes\u00fas y el San Jos\u00e9 totalmente limpio, desmalezado. Primero vez en muchos a\u00f1os que ambos cementerios est\u00e1n totalmente limpios\u201d, recalc\u00f3 Romero Mart\u00ednez durante un recorrido que hizo en el Coraz\u00f3n de Jes\u00fas en compa\u00f1\u00eda del director de Despacho, Jes\u00fas Rinc\u00f3n; la directora general de Servicios P\u00fablicos, Mercy Lozada y la directora del SEDECEMA, Jennifer \u00c1vila.<\/p>\n\n\n\n<figure class=\"wp-block-image size-large\"><img fetchpriority=\"high\" decoding=\"async\" width=\"1024\" height=\"683\" src=\"https:\/\/entretormentas.com\/wp-content\/uploads\/2025\/05\/cemente2-1024x683.jpg\" alt=\"\" class=\"wp-image-16346\" srcset=\"https:\/\/entretormentas.com\/wp-content\/uploads\/2025\/05\/cemente2-1024x683.jpg 1024w, https:\/\/entretormentas.com\/wp-content\/uploads\/2025\/05\/cemente2-300x200.jpg 300w, https:\/\/entretormentas.com\/wp-content\/uploads\/2025\/05\/cemente2-768x512.jpg 768w, https:\/\/entretormentas.com\/wp-content\/uploads\/2025\/05\/cemente2.jpg 1280w\" sizes=\"(max-width: 1024px) 100vw, 1024px\" \/><\/figure>\n\n\n\n<p>El alcalde encargado precis\u00f3 que en total se desmalezaron las 44 hect\u00e1reas del Coraz\u00f3n de Jes\u00fas y ocho del San Jos\u00e9. \u201cEn total 52 hect\u00e1reas de limpieza y qu\u00e9 mejor fecha para dar esta buena noticia que en la v\u00edspera del D\u00eda de las Madres, donde estimamos recibir a unas 4 mil o 5 mil personas que van a visitar a sus familiares difuntos y tengan una impresi\u00f3n diferente a la que antes ten\u00edan cuando ven\u00edan a estos camposantos\u201d.<\/p>\n\n\n\n<p>Jennifer \u00c1vila, directora del SEDECEMA, recalc\u00f3 que la limpieza inici\u00f3 con la mira puesta en ofrecer espacios \u00f3ptimos para fechas significativas como el D\u00eda de las Madres, por esta raz\u00f3n la gesti\u00f3n municipal hizo un esfuerzo sostenido y coordinado.<\/p>\n\n\n\n<p>\u201cQue el 100 por ciento de las m\u00e1s de 50 hect\u00e1reas municipales est\u00e9 limpio es una muestra del compromiso que asumi\u00f3 la municipalidad a trav\u00e9s de SEDECEMA para que los familiares que acuden a honrar a sus seres queridos encuentren un lugar limpio, ordenado y lleno de verdor\u201d, destac\u00f3 \u00c1vila.<\/p>\n\n\n\n<p>Resalt\u00f3 que la dedicaci\u00f3n del equipo humano involucrado fue una tarea tit\u00e1nica. \u201cM\u00e1s de 80 personas han dedicado incontables horas laborales, demostrando un compromiso inquebrantable para transformar nuestros cementerios municipales\u201d.<\/p>\n\n\n\n<p>Mencion\u00f3 que este esfuerzo se respald\u00f3 con un equipo especializado que incluy\u00f3 retroexcavadoras, guada\u00f1as, motosierra, machetes y fumigadoras, optimizando los tiempos y la eficiencia de las labores.<\/p>\n\n\n\n<p>Precis\u00f3 que se completaron la atenci\u00f3n de los siete cuerpos del lado derecho e izquierdo del cementerio Sagrado Coraz\u00f3n de Jes\u00fas y los cuatro cuerpos del lado derecho e izquierdo del cementerio San Jos\u00e9, abarcando limpieza general, desmalezamiento exhaustivo y poda de \u00e1rboles.<\/p>\n\n\n\n<figure class=\"wp-block-image size-large\"><img decoding=\"async\" width=\"1024\" height=\"683\" src=\"https:\/\/entretormentas.com\/wp-content\/uploads\/2025\/05\/cemente3-1024x683.jpg\" alt=\"\" class=\"wp-image-16347\" srcset=\"https:\/\/entretormentas.com\/wp-content\/uploads\/2025\/05\/cemente3-1024x683.jpg 1024w, https:\/\/entretormentas.com\/wp-content\/uploads\/2025\/05\/cemente3-300x200.jpg 300w, https:\/\/entretormentas.com\/wp-content\/uploads\/2025\/05\/cemente3-768x512.jpg 768w, https:\/\/entretormentas.com\/wp-content\/uploads\/2025\/05\/cemente3.jpg 1280w\" sizes=\"(max-width: 1024px) 100vw, 1024px\" \/><\/figure>\n\n\n\n<p><strong>M\u00c1S TRABAJOS<\/strong><br>Edwin Zarraga, gerente de Operaciones de SEDECEMA, enfatiz\u00f3 que se realizaron m\u00e1s de 470 viajes de camiones con desecho de maleza y actualmente se encuentran en la fase de refinamiento de todas las \u00e1reas y la implementaci\u00f3n del programa integral para el control tanto del crecimiento de maleza como de la presencia de insectos en los camposantos, con un herbicida agr\u00edcola, asegurando as\u00ed un ambiente m\u00e1s saludable y seguro.<\/p>\n\n\n\n<p>Z\u00e1rraga explic\u00f3 que, los trabajos que se hicieron para dignificar el cementerio Sagrado Coraz\u00f3n de Jes\u00fas, no se limitaron solo al control de maleza, tambi\u00e9n se hizo una intervenci\u00f3n integral de la capilla que incluye trabajos de pintura en sus \u00e1reas externas e internas. Asimismo, se impermeabilizaron 269 metros de su infraestructura.<\/p>\n\n\n\n<p>Adem\u00e1s, indic\u00f3 que se reemplazar\u00e1n los avisos de entrada y salida del camposanto, facilitando la orientaci\u00f3n de los visitantes.<\/p>\n\n\n\n<p>Con estos trabajos de limpieza, la Alcald\u00eda de Maracaibo reafirma su compromiso de entregar a la comunidad unos cementerios municipales en \u00f3ptimas condiciones, consolidando un legado de cuidado, respeto y memoria para la ciudad.<br><strong><em>ET \/ DCI Alcald\u00eda de Maracaibo<\/em><\/strong><\/p>\n\n\n\n<p><\/p>\n","protected":false},"excerpt":{"rendered":"<p>ENTRE TORMENTAS. A un ritmo acelerado, las labores de desmalezamiento y acondicionamiento, por parte de&#8230;<\/p>\n","protected":false},"author":2,"featured_media":16348,"comment_status":"closed","ping_status":"open","sticky":false,"template":"","format":"standard","meta":{"footnotes":""},"categories":[1],"tags":[],"class_list":["post-16345","post","type-post","status-publish","format-standard","has-post-thumbnail","hentry","category-regionales"],"_links":{"self":[{"href":"https:\/\/entretormentas.com\/index.php?rest_route=\/wp\/v2\/posts\/16345","targetHints":{"allow":["GET"]}}],"collection":[{"href":"https:\/\/entretormentas.com\/index.php?rest_route=\/wp\/v2\/posts"}],"about":[{"href":"https:\/\/entretormentas.com\/index.php?rest_route=\/wp\/v2\/types\/post"}],"author":[{"embeddable":true,"href":"https:\/\/entretormentas.com\/index.php?rest_route=\/wp\/v2\/users\/2"}],"replies":[{"embeddable":true,"href":"https:\/\/entretormentas.com\/index.php?rest_route=%2Fwp%2Fv2%2Fcomments&post=16345"}],"version-history":[{"count":1,"href":"https:\/\/entretormentas.com\/index.php?rest_route=\/wp\/v2\/posts\/16345\/revisions"}],"predecessor-version":[{"id":16349,"href":"https:\/\/entretormentas.com\/index.php?rest_route=\/wp\/v2\/posts\/16345\/revisions\/16349"}],"wp:featuredmedia":[{"embeddable":true,"href":"https:\/\/entretormentas.com\/index.php?rest_route=\/wp\/v2\/media\/16348"}],"wp:attachment":[{"href":"https:\/\/entretormentas.com\/index.php?rest_route=%2Fwp%2Fv2%2Fmedia&parent=16345"}],"wp:term":[{"taxonomy":"category","embeddable":true,"href":"https:\/\/entretormentas.com\/index.php?rest_route=%2Fwp%2Fv2%2Fcategories&post=16345"},{"taxonomy":"post_tag","embeddable":true,"href":"https:\/\/entretormentas.com\/index.php?rest_route=%2Fwp%2Fv2%2Ftags&post=16345"}],"curies":[{"name":"wp","href":"https:\/\/api.w.org\/{rel}","templated":true}]}}