{"id":16371,"date":"2025-05-09T09:49:36","date_gmt":"2025-05-09T07:49:36","guid":{"rendered":"https:\/\/entretormentas.com\/?p=16371"},"modified":"2025-05-09T09:49:36","modified_gmt":"2025-05-09T07:49:36","slug":"apoyo-popular-miranda-se-une-a-la-cruzada-para-recuperar-al-zulia-con-luis-caldera","status":"publish","type":"post","link":"https:\/\/entretormentas.com\/apoyo-popular-miranda-se-une-a-la-cruzada-para-recuperar-al-zulia-con-luis-caldera\/","title":{"rendered":"\u00a1APOYO POPULAR! Miranda se une a la cruzada para recuperar al Zulia con Luis Caldera"},"content":{"rendered":"\n<p><strong>ENTRE TORMENTAS. <\/strong>La fuerza popular del municipio Miranda se uni\u00f3 a la \u00abCruzada Bolivariana\u00bb para la recuperaci\u00f3n del Zulia, con el candidato a la Gobernaci\u00f3n por el Gran Polo Patri\u00f3tico Sim\u00f3n Bol\u00edvar y el Partido Socialista Unido de Venezuela, Luis Caldera, quien contin\u00faa su peregrinaje, como \u00e9l le ha llamado, \u00abpor lo m\u00e1s profundo del territorio zuliano\u00bb.<\/p>\n\n\n\n<p>\u00abNo hay para nadie. La Gobernaci\u00f3n del Zulia ser\u00e1 rescatada a partir del pr\u00f3ximo 25 de mayo. El Palacio de Los C\u00f3ndores nos pertenece\u00bb, expres\u00f3 Daniel Medina, representante de los pueblos ind\u00edgenas que habitan en el municipio, ubicado en la Costa Oriental del Lago y uno de los cientos de personas que acompa\u00f1aron en la caminata y encuentro con los mirandinos.<\/p>\n\n\n\n<figure class=\"wp-block-image size-large\"><img fetchpriority=\"high\" decoding=\"async\" width=\"1024\" height=\"683\" src=\"https:\/\/entretormentas.com\/wp-content\/uploads\/2025\/05\/LCMIRANDA2-1024x683.jpg\" alt=\"\" class=\"wp-image-16372\" srcset=\"https:\/\/entretormentas.com\/wp-content\/uploads\/2025\/05\/LCMIRANDA2-1024x683.jpg 1024w, https:\/\/entretormentas.com\/wp-content\/uploads\/2025\/05\/LCMIRANDA2-300x200.jpg 300w, https:\/\/entretormentas.com\/wp-content\/uploads\/2025\/05\/LCMIRANDA2-768x512.jpg 768w, https:\/\/entretormentas.com\/wp-content\/uploads\/2025\/05\/LCMIRANDA2.jpg 1280w\" sizes=\"(max-width: 1024px) 100vw, 1024px\" \/><\/figure>\n\n\n\n<p>Caldera comparti\u00f3 sus lineas de trabajo que activar\u00e1 cuando est\u00e9 frente a la Gobernaci\u00f3n del estado y destac\u00f3, en el tema de salud, que trabajar\u00e1 por el Hospital Hugo Parra Le\u00f3n y por la optimizaci\u00f3n del servicio de agua, tema del que anunci\u00f3 la pronta restituci\u00f3n del motor de la Estaci\u00f3n de Bombeo El Tablazo 2 y restituir el servicio de agua en las pr\u00f3ximas horas en los Puertos de Altagracia y en el sector El Mecocal, lo cual fue logrado tras comunicaci\u00f3n con el Ministerio para la Atenci\u00f3n de las Aguas.<\/p>\n\n\n\n<figure class=\"wp-block-image size-large\"><img decoding=\"async\" width=\"1024\" height=\"682\" src=\"https:\/\/entretormentas.com\/wp-content\/uploads\/2025\/05\/LCMIRANDA3-1024x682.jpg\" alt=\"\" class=\"wp-image-16373\" srcset=\"https:\/\/entretormentas.com\/wp-content\/uploads\/2025\/05\/LCMIRANDA3-1024x682.jpg 1024w, https:\/\/entretormentas.com\/wp-content\/uploads\/2025\/05\/LCMIRANDA3-300x200.jpg 300w, https:\/\/entretormentas.com\/wp-content\/uploads\/2025\/05\/LCMIRANDA3-768x512.jpg 768w, https:\/\/entretormentas.com\/wp-content\/uploads\/2025\/05\/LCMIRANDA3.jpg 1280w\" sizes=\"(max-width: 1024px) 100vw, 1024px\" \/><\/figure>\n\n\n\n<p>Para esta localidad costera anunci\u00f3 que dentro de su plan de gobierno est\u00e1 la recuperaci\u00f3n del terminal lacustre de Los Puertos de Altagracia, la rehabilitaci\u00f3n de la Casa de Cultura Gabriel Bracho; as\u00ed como obras en el tema de vialidad, entre otras.<\/p>\n\n\n\n<p>\u00abSeguimos llevando este mensaje, abrazando a nuestro pueblo, escuchando sus problemas. Se acab\u00f3 la ausencia, se acab\u00f3 la excusa y, sobre todo, la divisi\u00f3n. El Gobierno Bolivariano, a partir del 25 de mayo, va a estar desplegado en todo el Zulia\u00bb, puntualiz\u00f3 Caldera.<br><strong><em>ET \/ Prensa PSUV Zulia<\/em><\/strong><\/p>\n","protected":false},"excerpt":{"rendered":"<p>ENTRE TORMENTAS. La fuerza popular del municipio Miranda se uni\u00f3 a la \u00abCruzada Bolivariana\u00bb para&#8230;<\/p>\n","protected":false},"author":2,"featured_media":16374,"comment_status":"closed","ping_status":"open","sticky":false,"template":"","format":"standard","meta":{"footnotes":""},"categories":[57,1],"tags":[],"class_list":["post-16371","post","type-post","status-publish","format-standard","has-post-thumbnail","hentry","category-actualidad","category-regionales"],"_links":{"self":[{"href":"https:\/\/entretormentas.com\/index.php?rest_route=\/wp\/v2\/posts\/16371","targetHints":{"allow":["GET"]}}],"collection":[{"href":"https:\/\/entretormentas.com\/index.php?rest_route=\/wp\/v2\/posts"}],"about":[{"href":"https:\/\/entretormentas.com\/index.php?rest_route=\/wp\/v2\/types\/post"}],"author":[{"embeddable":true,"href":"https:\/\/entretormentas.com\/index.php?rest_route=\/wp\/v2\/users\/2"}],"replies":[{"embeddable":true,"href":"https:\/\/entretormentas.com\/index.php?rest_route=%2Fwp%2Fv2%2Fcomments&post=16371"}],"version-history":[{"count":1,"href":"https:\/\/entretormentas.com\/index.php?rest_route=\/wp\/v2\/posts\/16371\/revisions"}],"predecessor-version":[{"id":16375,"href":"https:\/\/entretormentas.com\/index.php?rest_route=\/wp\/v2\/posts\/16371\/revisions\/16375"}],"wp:featuredmedia":[{"embeddable":true,"href":"https:\/\/entretormentas.com\/index.php?rest_route=\/wp\/v2\/media\/16374"}],"wp:attachment":[{"href":"https:\/\/entretormentas.com\/index.php?rest_route=%2Fwp%2Fv2%2Fmedia&parent=16371"}],"wp:term":[{"taxonomy":"category","embeddable":true,"href":"https:\/\/entretormentas.com\/index.php?rest_route=%2Fwp%2Fv2%2Fcategories&post=16371"},{"taxonomy":"post_tag","embeddable":true,"href":"https:\/\/entretormentas.com\/index.php?rest_route=%2Fwp%2Fv2%2Ftags&post=16371"}],"curies":[{"name":"wp","href":"https:\/\/api.w.org\/{rel}","templated":true}]}}