{"id":16376,"date":"2025-05-09T09:53:07","date_gmt":"2025-05-09T07:53:07","guid":{"rendered":"https:\/\/entretormentas.com\/?p=16376"},"modified":"2025-05-09T09:53:08","modified_gmt":"2025-05-09T07:53:08","slug":"salutacion-conferencia-episcopal-venezolana-pide-al-espiritu-santo-que-guie-a-leon-xiv-en-su-mision","status":"publish","type":"post","link":"https:\/\/entretormentas.com\/salutacion-conferencia-episcopal-venezolana-pide-al-espiritu-santo-que-guie-a-leon-xiv-en-su-mision\/","title":{"rendered":"\u00a1SALUTACI\u00d3N! Conferencia Episcopal Venezolana pide al Esp\u00edritu Santo que gu\u00ede a Le\u00f3n XIV en su misi\u00f3n"},"content":{"rendered":"\n<p><strong>ENTRE TORMENTAS. <\/strong>La Conferencia Episcopal Venezolana (CEV) celebr\u00f3 este jueves la elecci\u00f3n del cardenal estadounidense Robert Prevost como el nuevo papa y pidi\u00f3 al Esp\u00edritu Santo que lo gu\u00ede en su nueva misi\u00f3n.<\/p>\n\n\n\n<p>\u00abEl Esp\u00edritu ha hablado a la Iglesia, y acogemos con fe su elecci\u00f3n. Que el Esp\u00edritu Santo lo gu\u00ede en su misi\u00f3n como Pastor de la Iglesia, y que la virgen Mar\u00eda lo acompa\u00f1e cada d\u00eda en su entrega\u00bb, indic\u00f3 la CEV en una publicaci\u00f3n en Instagram, rese\u00f1\u00f3 EFE.<\/p>\n\n\n\n<p>Los obispos venezolanos se unen con gozo a toda la \u00abIglesia universal\u00bb para dar gracias al Se\u00f1or por la elecci\u00f3n del nuevo sucesor de Pedro.<\/p>\n\n\n\n<p>\u00abDesde nuestra tierra venezolana, lo saludamos con esp\u00edritu de comuni\u00f3n, fidelidad y esperanza, y elevamos nuestras oraciones por su pontificado\u00bb, a\u00f1adieron.<\/p>\n\n\n\n<figure class=\"wp-block-image size-large\"><img fetchpriority=\"high\" decoding=\"async\" width=\"1024\" height=\"606\" src=\"https:\/\/entretormentas.com\/wp-content\/uploads\/2025\/05\/habemus1-1024x606.jpg\" alt=\"\" class=\"wp-image-16343\" srcset=\"https:\/\/entretormentas.com\/wp-content\/uploads\/2025\/05\/habemus1-1024x606.jpg 1024w, https:\/\/entretormentas.com\/wp-content\/uploads\/2025\/05\/habemus1-300x177.jpg 300w, https:\/\/entretormentas.com\/wp-content\/uploads\/2025\/05\/habemus1-768x454.jpg 768w, https:\/\/entretormentas.com\/wp-content\/uploads\/2025\/05\/habemus1.jpg 1290w\" sizes=\"(max-width: 1024px) 100vw, 1024px\" \/><\/figure>\n\n\n\n<p>Seg\u00fan un reciente estudio de la Fundaci\u00f3n Centro Gumilla, publicado el pasado mes de abril, el 63 % de los venezolanos se identifica como cat\u00f3lico, lo que consolida al catolicismo como la religi\u00f3n predominante en el pa\u00eds.<\/p>\n\n\n\n<p>Los cardenales eligieron este jueves, en el segundo d\u00eda de su c\u00f3nclave, al estadounidense Prevost quien tambi\u00e9n tiene nacionalidad peruana- como sucesor del papa Francisco, quien muri\u00f3 el pasado 21 de abril a los 88 a\u00f1os.<\/p>\n\n\n\n<p>Tras su elecci\u00f3n como nuevo pont\u00edfice, con el nombre de Le\u00f3n XIV, Prevost compareci\u00f3 poco m\u00e1s de una hora despu\u00e9s ante miles de fieles concentrados en San Pedro.<\/p>\n\n\n\n<p>En su primer mensaje pidi\u00f3 ayuda a la gente para \u00abconstruir puentes de paz\u00bb con el objetivo tambi\u00e9n de buscar la justicia, e invit\u00f3 a hacerlo sin miedo, y dirigi\u00f3 un \u00absaludo de paz\u00bb.<\/p>\n\n\n\n<p>Le\u00f3n XIV agreg\u00f3 que Dios ama a la humanidad \u00abincondicionalmente\u00bb y anim\u00f3 a caminar \u00abunidos, de la mano\u00bb, con la premisa de que \u00abel mal no prevalecer\u00e1\u00bb.<br><strong><em>ET \/ Agencias<\/em><\/strong><\/p>\n\n\n\n<p><\/p>\n","protected":false},"excerpt":{"rendered":"<p>ENTRE TORMENTAS. La Conferencia Episcopal Venezolana (CEV) celebr\u00f3 este jueves la elecci\u00f3n del cardenal estadounidense&#8230;<\/p>\n","protected":false},"author":2,"featured_media":16377,"comment_status":"closed","ping_status":"open","sticky":false,"template":"","format":"standard","meta":{"footnotes":""},"categories":[56,49],"tags":[],"class_list":["post-16376","post","type-post","status-publish","format-standard","has-post-thumbnail","hentry","category-destacadas","category-nacionales"],"_links":{"self":[{"href":"https:\/\/entretormentas.com\/index.php?rest_route=\/wp\/v2\/posts\/16376","targetHints":{"allow":["GET"]}}],"collection":[{"href":"https:\/\/entretormentas.com\/index.php?rest_route=\/wp\/v2\/posts"}],"about":[{"href":"https:\/\/entretormentas.com\/index.php?rest_route=\/wp\/v2\/types\/post"}],"author":[{"embeddable":true,"href":"https:\/\/entretormentas.com\/index.php?rest_route=\/wp\/v2\/users\/2"}],"replies":[{"embeddable":true,"href":"https:\/\/entretormentas.com\/index.php?rest_route=%2Fwp%2Fv2%2Fcomments&post=16376"}],"version-history":[{"count":1,"href":"https:\/\/entretormentas.com\/index.php?rest_route=\/wp\/v2\/posts\/16376\/revisions"}],"predecessor-version":[{"id":16378,"href":"https:\/\/entretormentas.com\/index.php?rest_route=\/wp\/v2\/posts\/16376\/revisions\/16378"}],"wp:featuredmedia":[{"embeddable":true,"href":"https:\/\/entretormentas.com\/index.php?rest_route=\/wp\/v2\/media\/16377"}],"wp:attachment":[{"href":"https:\/\/entretormentas.com\/index.php?rest_route=%2Fwp%2Fv2%2Fmedia&parent=16376"}],"wp:term":[{"taxonomy":"category","embeddable":true,"href":"https:\/\/entretormentas.com\/index.php?rest_route=%2Fwp%2Fv2%2Fcategories&post=16376"},{"taxonomy":"post_tag","embeddable":true,"href":"https:\/\/entretormentas.com\/index.php?rest_route=%2Fwp%2Fv2%2Ftags&post=16376"}],"curies":[{"name":"wp","href":"https:\/\/api.w.org\/{rel}","templated":true}]}}