{"id":16382,"date":"2025-05-09T09:57:50","date_gmt":"2025-05-09T07:57:50","guid":{"rendered":"https:\/\/entretormentas.com\/?p=16382"},"modified":"2025-05-09T09:57:51","modified_gmt":"2025-05-09T07:57:51","slug":"encuentro-en-rusia-maduro-se-reune-con-el-presidente-de-cuba-para-fortalecer-estrategias","status":"publish","type":"post","link":"https:\/\/entretormentas.com\/encuentro-en-rusia-maduro-se-reune-con-el-presidente-de-cuba-para-fortalecer-estrategias\/","title":{"rendered":"\u00a1ENCUENTRO EN RUSIA! Maduro se re\u00fane con el presidente de Cuba para fortalecer estrategias"},"content":{"rendered":"\n<p><strong>ENTRE TORMENTAS.<\/strong> El presidente de la Rep\u00fablica, Nicol\u00e1s Maduro, afirm\u00f3 este jueves, que reunirse con el presidente de Cuba, Miguel D\u00edaz-Canel, en Rusia \u00abes otra demostraci\u00f3n al mundo de c\u00f3mo los pueblos soberanos construimos alianzas de respeto, cooperaci\u00f3n y paz\u00bb.<\/p>\n\n\n\n<p>A trav\u00e9s de la red social Instagram, el mandatario destac\u00f3 que durante el encuentro comparti\u00f3 \u00abbuenas an\u00e9cdotas de nuestra historia de hermandad entre pueblos\u00bb.<\/p>\n\n\n\n<p>Asimismo, expres\u00f3 que ambos gobiernos continuar\u00e1n \u00abfortaleciendo nuestros lazos de uni\u00f3n\u00bb.<\/p>\n\n\n\n<p>En horas de la ma\u00f1ana, ambos mandatarios caminaron hasta el monumento dedicado al Padre de la Patria, Sim\u00f3n Bol\u00edvar, para colocar una ofrenda floral con los colores de la bandera nacional venezolana e interpretar los himnos de Venezuela, Cuba y Rusia.<br><strong><em>ET \/ Globovisi\u00f3n<\/em><\/strong><\/p>\n","protected":false},"excerpt":{"rendered":"<p>ENTRE TORMENTAS. El presidente de la Rep\u00fablica, Nicol\u00e1s Maduro, afirm\u00f3 este jueves, que reunirse con&#8230;<\/p>\n","protected":false},"author":2,"featured_media":16383,"comment_status":"closed","ping_status":"open","sticky":false,"template":"","format":"standard","meta":{"footnotes":""},"categories":[56,49],"tags":[],"class_list":["post-16382","post","type-post","status-publish","format-standard","has-post-thumbnail","hentry","category-destacadas","category-nacionales"],"_links":{"self":[{"href":"https:\/\/entretormentas.com\/index.php?rest_route=\/wp\/v2\/posts\/16382","targetHints":{"allow":["GET"]}}],"collection":[{"href":"https:\/\/entretormentas.com\/index.php?rest_route=\/wp\/v2\/posts"}],"about":[{"href":"https:\/\/entretormentas.com\/index.php?rest_route=\/wp\/v2\/types\/post"}],"author":[{"embeddable":true,"href":"https:\/\/entretormentas.com\/index.php?rest_route=\/wp\/v2\/users\/2"}],"replies":[{"embeddable":true,"href":"https:\/\/entretormentas.com\/index.php?rest_route=%2Fwp%2Fv2%2Fcomments&post=16382"}],"version-history":[{"count":1,"href":"https:\/\/entretormentas.com\/index.php?rest_route=\/wp\/v2\/posts\/16382\/revisions"}],"predecessor-version":[{"id":16384,"href":"https:\/\/entretormentas.com\/index.php?rest_route=\/wp\/v2\/posts\/16382\/revisions\/16384"}],"wp:featuredmedia":[{"embeddable":true,"href":"https:\/\/entretormentas.com\/index.php?rest_route=\/wp\/v2\/media\/16383"}],"wp:attachment":[{"href":"https:\/\/entretormentas.com\/index.php?rest_route=%2Fwp%2Fv2%2Fmedia&parent=16382"}],"wp:term":[{"taxonomy":"category","embeddable":true,"href":"https:\/\/entretormentas.com\/index.php?rest_route=%2Fwp%2Fv2%2Fcategories&post=16382"},{"taxonomy":"post_tag","embeddable":true,"href":"https:\/\/entretormentas.com\/index.php?rest_route=%2Fwp%2Fv2%2Ftags&post=16382"}],"curies":[{"name":"wp","href":"https:\/\/api.w.org\/{rel}","templated":true}]}}