{"id":16393,"date":"2025-05-10T12:09:08","date_gmt":"2025-05-10T10:09:08","guid":{"rendered":"https:\/\/entretormentas.com\/?p=16393"},"modified":"2025-05-10T12:09:08","modified_gmt":"2025-05-10T10:09:08","slug":"por-la-entrada-sur-la-vereda-del-lago-estrena-camineria-con-100-arcos-de-luces-led","status":"publish","type":"post","link":"https:\/\/entretormentas.com\/por-la-entrada-sur-la-vereda-del-lago-estrena-camineria-con-100-arcos-de-luces-led\/","title":{"rendered":"\u00a1POR LA ENTRADA SUR! La Vereda del Lago estrena caminer\u00eda con 100 arcos de luces LED"},"content":{"rendered":"\n<p><strong>ENTRE TORMENTAS. <\/strong>!Entrada iluminada y colorida! El emblem\u00e1tico Parque Vereda del Lago desde este 6 de mayo cuenta con un renovada, luminosa y colorida entrada sur, tras los trabajos realizados por la Alcald\u00eda de Maracaibo que incluyeron la instalaci\u00f3n de 100 arcos de luces LED.<\/p>\n\n\n\n<p>La nueva caminer\u00eda, ubicada justo detr\u00e1s de la Feria de comida que se encuentra al lado derecho de la Universidad Rafael Urdaneta (URU), fue entregada a los marabinos por el alcalde encargado, Adri\u00e1n Romero Mart\u00ednez, quien destac\u00f3 la importancia de transformar los accesos a este importante parque de la ciudad para hacerlo m\u00e1s moderno.<\/p>\n\n\n\n<figure class=\"wp-block-image size-large\"><img fetchpriority=\"high\" decoding=\"async\" width=\"1024\" height=\"683\" src=\"https:\/\/entretormentas.com\/wp-content\/uploads\/2025\/05\/ARCOS2-1024x683.jpg\" alt=\"\" class=\"wp-image-16394\" srcset=\"https:\/\/entretormentas.com\/wp-content\/uploads\/2025\/05\/ARCOS2-1024x683.jpg 1024w, https:\/\/entretormentas.com\/wp-content\/uploads\/2025\/05\/ARCOS2-300x200.jpg 300w, https:\/\/entretormentas.com\/wp-content\/uploads\/2025\/05\/ARCOS2-768x512.jpg 768w, https:\/\/entretormentas.com\/wp-content\/uploads\/2025\/05\/ARCOS2.jpg 1280w\" sizes=\"(max-width: 1024px) 100vw, 1024px\" \/><\/figure>\n\n\n\n<p>Romero Mart\u00ednez explic\u00f3 que la instalaci\u00f3n de esta caminer\u00eda forma parte de un plan integral de mejoras y modernizaci\u00f3n que se est\u00e1 llevando a cabo en la Vereda del Lago, con el objetivo de ofrecer a los marabinos espacios p\u00fablicos de calidad que promuevan el bienestar y la convivencia ciudadana.<\/p>\n\n\n\n<p>\u201cEstamos muy contentos de presentar esta nueva caminer\u00eda a los marabinos. Esto mejora la entrada sur y es un paso importante en nuestro compromiso de hacer de este parque un lugar cada vez m\u00e1s moderno y seguro para todos. La iluminaci\u00f3n LED no solo embellece el entorno, sino que tambi\u00e9n brinda mayor tranquilidad a quienes nos visitan al caer la noche\u201d, expres\u00f3.<\/p>\n\n\n\n<p>Caracciolo Bosc\u00e1n, director del Servicio Desconcentrado Parque Vereda del Lago (SEDEVEL), estima que esta nueva iluminaci\u00f3n impulse a\u00fan m\u00e1s la afluencia de visitantes al parque, consolid\u00e1ndose como un punto de encuentro fundamental para las familias, deportistas y amantes de la naturaleza en Maracaibo.<\/p>\n\n\n\n<figure class=\"wp-block-image size-large\"><img decoding=\"async\" width=\"1024\" height=\"683\" src=\"https:\/\/entretormentas.com\/wp-content\/uploads\/2025\/05\/ARCOS3-1024x683.jpg\" alt=\"\" class=\"wp-image-16395\" srcset=\"https:\/\/entretormentas.com\/wp-content\/uploads\/2025\/05\/ARCOS3-1024x683.jpg 1024w, https:\/\/entretormentas.com\/wp-content\/uploads\/2025\/05\/ARCOS3-300x200.jpg 300w, https:\/\/entretormentas.com\/wp-content\/uploads\/2025\/05\/ARCOS3-768x512.jpg 768w, https:\/\/entretormentas.com\/wp-content\/uploads\/2025\/05\/ARCOS3.jpg 1280w\" sizes=\"(max-width: 1024px) 100vw, 1024px\" \/><\/figure>\n\n\n\n<p>\u201cCon esto estamos reforzando el compromiso de mantener los espacios urbanos bien acondicionados e iluminados. Esta nueva instalaci\u00f3n no solo mejora la seguridad y visibilidad, sino que tambi\u00e9n ofrece un ambiente interactivo y colorido que invita a los ciudadanos a disfrutar de un parque m\u00e1s atractivo y moderno, con espacios que inspiran y conectan a la comunidad\u201d, destac\u00f3.<\/p>\n\n\n\n<p>Bosc\u00e1n explic\u00f3 que las luces LED de colores, conocidas por su eficiencia energ\u00e9tica y larga durabilidad, proporcionan una iluminaci\u00f3n clara y uniforme, creando un ambiente acogedor para los transe\u00fantes.<br><strong><em>ET \/ DCI Alcald\u00eda de Maracaibo<\/em><\/strong><\/p>\n\n\n\n<p><\/p>\n","protected":false},"excerpt":{"rendered":"<p>ENTRE TORMENTAS. !Entrada iluminada y colorida! El emblem\u00e1tico Parque Vereda del Lago desde este 6&#8230;<\/p>\n","protected":false},"author":2,"featured_media":16396,"comment_status":"closed","ping_status":"open","sticky":false,"template":"","format":"standard","meta":{"footnotes":""},"categories":[57,1],"tags":[],"class_list":["post-16393","post","type-post","status-publish","format-standard","has-post-thumbnail","hentry","category-actualidad","category-regionales"],"_links":{"self":[{"href":"https:\/\/entretormentas.com\/index.php?rest_route=\/wp\/v2\/posts\/16393","targetHints":{"allow":["GET"]}}],"collection":[{"href":"https:\/\/entretormentas.com\/index.php?rest_route=\/wp\/v2\/posts"}],"about":[{"href":"https:\/\/entretormentas.com\/index.php?rest_route=\/wp\/v2\/types\/post"}],"author":[{"embeddable":true,"href":"https:\/\/entretormentas.com\/index.php?rest_route=\/wp\/v2\/users\/2"}],"replies":[{"embeddable":true,"href":"https:\/\/entretormentas.com\/index.php?rest_route=%2Fwp%2Fv2%2Fcomments&post=16393"}],"version-history":[{"count":1,"href":"https:\/\/entretormentas.com\/index.php?rest_route=\/wp\/v2\/posts\/16393\/revisions"}],"predecessor-version":[{"id":16397,"href":"https:\/\/entretormentas.com\/index.php?rest_route=\/wp\/v2\/posts\/16393\/revisions\/16397"}],"wp:featuredmedia":[{"embeddable":true,"href":"https:\/\/entretormentas.com\/index.php?rest_route=\/wp\/v2\/media\/16396"}],"wp:attachment":[{"href":"https:\/\/entretormentas.com\/index.php?rest_route=%2Fwp%2Fv2%2Fmedia&parent=16393"}],"wp:term":[{"taxonomy":"category","embeddable":true,"href":"https:\/\/entretormentas.com\/index.php?rest_route=%2Fwp%2Fv2%2Fcategories&post=16393"},{"taxonomy":"post_tag","embeddable":true,"href":"https:\/\/entretormentas.com\/index.php?rest_route=%2Fwp%2Fv2%2Ftags&post=16393"}],"curies":[{"name":"wp","href":"https:\/\/api.w.org\/{rel}","templated":true}]}}