{"id":16410,"date":"2025-05-10T12:30:48","date_gmt":"2025-05-10T10:30:48","guid":{"rendered":"https:\/\/entretormentas.com\/?p=16410"},"modified":"2025-05-10T12:30:48","modified_gmt":"2025-05-10T10:30:48","slug":"apoyo-laboral-clase-trabajadora-del-zulia-une-voluntades-para-elegir-a-luis-caldera-como-gobernador","status":"publish","type":"post","link":"https:\/\/entretormentas.com\/apoyo-laboral-clase-trabajadora-del-zulia-une-voluntades-para-elegir-a-luis-caldera-como-gobernador\/","title":{"rendered":"\u00a1APOYO LABORAL! Clase trabajadora del Zulia une voluntades para elegir a Luis Caldera como gobernador"},"content":{"rendered":"\n<p><strong>ENTRE TORMENTAS. <\/strong>Trabajadores de diferentes \u00e1reas productivas y de servicio de la regi\u00f3n zuliana, unieron voluntades para elegir a Luis Caldera, como el pr\u00f3ximo gobernador del estado Zulia, quien un encuentro realizado este viernes 9 de mayo, manifest\u00f3 que junto al pueblo lograr\u00e1 una victoria aplastante en las elecciones del 25 de mayo.<\/p>\n\n\n\n<p>Caldera expres\u00f3 sentirse honrado con la clase obrera del estado, que le acompa\u00f1ar\u00e1 en la gran etapa para el Zulia a partir del 25 de mayo, en un gobierno que los proteger\u00e1 y mejorar\u00e1 sus condiciones de vida.<\/p>\n\n\n\n<figure class=\"wp-block-image size-large\"><img fetchpriority=\"high\" decoding=\"async\" width=\"1024\" height=\"683\" src=\"https:\/\/entretormentas.com\/wp-content\/uploads\/2025\/05\/laboral2-1024x683.jpg\" alt=\"\" class=\"wp-image-16411\" srcset=\"https:\/\/entretormentas.com\/wp-content\/uploads\/2025\/05\/laboral2-1024x683.jpg 1024w, https:\/\/entretormentas.com\/wp-content\/uploads\/2025\/05\/laboral2-300x200.jpg 300w, https:\/\/entretormentas.com\/wp-content\/uploads\/2025\/05\/laboral2-768x512.jpg 768w, https:\/\/entretormentas.com\/wp-content\/uploads\/2025\/05\/laboral2.jpg 1280w\" sizes=\"(max-width: 1024px) 100vw, 1024px\" \/><\/figure>\n\n\n\n<p>El encuentro masivo de trabajadores tuvo lugar en el Teatro Ni\u00f1os Cantores, con la presencia del presidente de la Central Bolivariana Socialista de Trabajadores, Wills Rangel y de hombres y mujeres de la fuerza petrolera, gas\u00edfera, petroqu\u00edmica, av\u00edcola, de salud tanto de empresas del estado, como privadas.<\/p>\n\n\n\n<p>\u00abA partir del 25 de mayo, la clase trabajadora tendr\u00e1 el acompa\u00f1amiento de Luis Caldera, con un gobernador que garantiza un sistema \u00fanico p\u00fablico de salud en cl\u00ednicas, los 34 hospitales del Zulia, el acceso al agua, al gas, a la electricidad\u00bb, expuso el candidato al gobierno regional por el Gran Polo Patri\u00f3tico Sim\u00f3n Bol\u00edvar (GPPSB).<\/p>\n\n\n\n<p>El trabajador de la Corporaci\u00f3n Socialista del Cemento en el Zulia, Nelson Viera resalt\u00f3 que la fuerza obrera se une reforzada en apoyo a Caldera, porque es el hombre de la unidad y que conoce bien de las necesidades del pueblo trabajador. \u201cEs el hombre que va a apoyar a la clase obrera del Zulia que produce\u201d, asegur\u00f3.<\/p>\n\n\n\n<figure class=\"wp-block-image size-large\"><img decoding=\"async\" width=\"1024\" height=\"682\" src=\"https:\/\/entretormentas.com\/wp-content\/uploads\/2025\/05\/laboral3-1024x682.jpg\" alt=\"\" class=\"wp-image-16412\" srcset=\"https:\/\/entretormentas.com\/wp-content\/uploads\/2025\/05\/laboral3-1024x682.jpg 1024w, https:\/\/entretormentas.com\/wp-content\/uploads\/2025\/05\/laboral3-300x200.jpg 300w, https:\/\/entretormentas.com\/wp-content\/uploads\/2025\/05\/laboral3-768x512.jpg 768w, https:\/\/entretormentas.com\/wp-content\/uploads\/2025\/05\/laboral3.jpg 1280w\" sizes=\"(max-width: 1024px) 100vw, 1024px\" \/><\/figure>\n\n\n\n<p>Por su parte, Jos\u00e9 Brice\u00f1o, de la Federaci\u00f3n Unitaria de los Trabajadores y Trabajadoras de la Construcci\u00f3n, dijo que todos los sindicatos, federaciones y asociaciones de trabajadores de la entidad zuliana, acompa\u00f1a a Caldera, quien tienen en su propuesta de gobierno apuntalar y fortalecer el desarrollo econ\u00f3mico regional, junto a sectores productivos y la masa laboral de la regi\u00f3n.<\/p>\n\n\n\n<p>Mientras que Nilson Enrique Pineda, integrante de la Uni\u00f3n de Trabajadores de Venezuela, jur\u00f3 ante las banderas de la dignidad de la clase obrera, que no descansar\u00e1 de trabajar por el pa\u00eds y el Zulia, estado que con el respaldo de la clase obrera \u201ctendr\u00e1 a Luis Caldera como el gobernador de los trabajadores zulianos\u201d.<br><strong><em>ET \/ Prensa PSUV Zulia<\/em><\/strong><\/p>\n","protected":false},"excerpt":{"rendered":"<p>ENTRE TORMENTAS. Trabajadores de diferentes \u00e1reas productivas y de servicio de la regi\u00f3n zuliana, unieron&#8230;<\/p>\n","protected":false},"author":2,"featured_media":16413,"comment_status":"closed","ping_status":"open","sticky":false,"template":"","format":"standard","meta":{"footnotes":""},"categories":[57,1],"tags":[],"class_list":["post-16410","post","type-post","status-publish","format-standard","has-post-thumbnail","hentry","category-actualidad","category-regionales"],"_links":{"self":[{"href":"https:\/\/entretormentas.com\/index.php?rest_route=\/wp\/v2\/posts\/16410","targetHints":{"allow":["GET"]}}],"collection":[{"href":"https:\/\/entretormentas.com\/index.php?rest_route=\/wp\/v2\/posts"}],"about":[{"href":"https:\/\/entretormentas.com\/index.php?rest_route=\/wp\/v2\/types\/post"}],"author":[{"embeddable":true,"href":"https:\/\/entretormentas.com\/index.php?rest_route=\/wp\/v2\/users\/2"}],"replies":[{"embeddable":true,"href":"https:\/\/entretormentas.com\/index.php?rest_route=%2Fwp%2Fv2%2Fcomments&post=16410"}],"version-history":[{"count":1,"href":"https:\/\/entretormentas.com\/index.php?rest_route=\/wp\/v2\/posts\/16410\/revisions"}],"predecessor-version":[{"id":16414,"href":"https:\/\/entretormentas.com\/index.php?rest_route=\/wp\/v2\/posts\/16410\/revisions\/16414"}],"wp:featuredmedia":[{"embeddable":true,"href":"https:\/\/entretormentas.com\/index.php?rest_route=\/wp\/v2\/media\/16413"}],"wp:attachment":[{"href":"https:\/\/entretormentas.com\/index.php?rest_route=%2Fwp%2Fv2%2Fmedia&parent=16410"}],"wp:term":[{"taxonomy":"category","embeddable":true,"href":"https:\/\/entretormentas.com\/index.php?rest_route=%2Fwp%2Fv2%2Fcategories&post=16410"},{"taxonomy":"post_tag","embeddable":true,"href":"https:\/\/entretormentas.com\/index.php?rest_route=%2Fwp%2Fv2%2Ftags&post=16410"}],"curies":[{"name":"wp","href":"https:\/\/api.w.org\/{rel}","templated":true}]}}