{"id":16415,"date":"2025-05-10T12:35:03","date_gmt":"2025-05-10T10:35:03","guid":{"rendered":"https:\/\/entretormentas.com\/?p=16415"},"modified":"2025-05-10T12:35:04","modified_gmt":"2025-05-10T10:35:04","slug":"candidato-a-la-gobernacion-ely-ramon-atencio-felicita-a-los-rosarenses-por-cumplir-303-anos-desde-su-fundacion","status":"publish","type":"post","link":"https:\/\/entretormentas.com\/candidato-a-la-gobernacion-ely-ramon-atencio-felicita-a-los-rosarenses-por-cumplir-303-anos-desde-su-fundacion\/","title":{"rendered":"\u00a1CANDIDATO A LA GOBERNACI\u00d3N! Ely Ram\u00f3n Atencio felicita a los rosarenses por cumplir 303 a\u00f1os desde su fundaci\u00f3n"},"content":{"rendered":"\n<p><strong>ENTRE TORMENTAS. <\/strong>El alcalde del municipio Rosario de Perij\u00e1 y candidato a la Gobernaci\u00f3n del Zulia, mostr\u00f3 su agradecimiento \u00abpor ser un municipio bendecido por Dios que desde sus inicios nace con esa vocaci\u00f3n agr\u00edcola, pecuaria y de productividad.<\/p>\n\n\n\n<p>En la actualidad, est\u00e9 municipio refleja alrededor de 120 mil litros de leche d\u00eda a pesar de las dificultades, las limitaciones y tropiezos a los que se enfrentan los productores agropecuarios siguen adelante llevando adelante la producci\u00f3n para las familias perijaneras, zulianas y venezolanas\u00bb.<\/p>\n\n\n\n<figure class=\"wp-block-image size-large\"><img fetchpriority=\"high\" decoding=\"async\" width=\"1024\" height=\"576\" src=\"https:\/\/entretormentas.com\/wp-content\/uploads\/2025\/05\/villa2-1024x576.jpg\" alt=\"\" class=\"wp-image-16416\" srcset=\"https:\/\/entretormentas.com\/wp-content\/uploads\/2025\/05\/villa2-1024x576.jpg 1024w, https:\/\/entretormentas.com\/wp-content\/uploads\/2025\/05\/villa2-300x169.jpg 300w, https:\/\/entretormentas.com\/wp-content\/uploads\/2025\/05\/villa2-768x432.jpg 768w, https:\/\/entretormentas.com\/wp-content\/uploads\/2025\/05\/villa2.jpg 1280w\" sizes=\"(max-width: 1024px) 100vw, 1024px\" \/><\/figure>\n\n\n\n<p>Atencio aprovech\u00f3 tambi\u00e9n la oportunidad para felicitar al orador de orden de la sesi\u00f3n especial a prop\u00f3sito del aniversario, Jos\u00e9 Ernesto Parra, por su discurso que di\u00f3 una caracterizaci\u00f3n de lo que somos en la Villa del Rosario.<\/p>\n\n\n\n<p>Atencio comparti\u00f3 junto a las autoridades municipales, ganaderos y p\u00fablico presente la primera degustaci\u00f3n del primer queso con \u00abdenominaci\u00f3n Perij\u00e1\u00bb luego de seis semanas de su proceso de elaboraci\u00f3n, y que calific\u00f3 como un \u00e9xito m\u00e1s de su gesti\u00f3n como alcalde del municipio Rosario Rosario de Perij\u00e1.<\/p>\n\n\n\n<figure class=\"wp-block-image size-large\"><img decoding=\"async\" width=\"1024\" height=\"576\" src=\"https:\/\/entretormentas.com\/wp-content\/uploads\/2025\/05\/villa3-1024x576.jpg\" alt=\"\" class=\"wp-image-16417\" srcset=\"https:\/\/entretormentas.com\/wp-content\/uploads\/2025\/05\/villa3-1024x576.jpg 1024w, https:\/\/entretormentas.com\/wp-content\/uploads\/2025\/05\/villa3-300x169.jpg 300w, https:\/\/entretormentas.com\/wp-content\/uploads\/2025\/05\/villa3-768x432.jpg 768w, https:\/\/entretormentas.com\/wp-content\/uploads\/2025\/05\/villa3.jpg 1280w\" sizes=\"(max-width: 1024px) 100vw, 1024px\" \/><\/figure>\n\n\n\n<p>As\u00ed mismo, aprovech\u00f3 la oportunidad para dirigirse a los habitantes del estado Zulia y \u00abpidi\u00f3 que le den la oportunidad de replicar en en la entidad, lo que hacemos en mi municipio en las \u00e1reas de inversi\u00f3n, social y de servicios p\u00fablicos para todo el bien del estado, si desde la municipalidad se han logrado tener est\u00e9 desarrollo tan importante en cada una de est\u00e1s \u00e1reas, que nos ha llevado a tener la mejor relaci\u00f3n con todos los sectores productivos, cosas como est\u00e1s demuestran de que estamos hechos los villa rosarenses, por eso me siento orgulloso de ser parte de est\u00e1 historia y de \u00e9ste presente que hoy nos llama a seguir trabajando, a seguir evolucionando y transformando est\u00e1 regi\u00f3n, desde ese empuje a todo el estado de la experiencia en la distribuci\u00f3n de los recursos y riquezas para que sean distribuidor de manera equitativa por el bienestar de todos los zulianos\u00bb, seg\u00fan dijo.<br><strong><em>ET \/ Nota de Prensa<\/em><\/strong><\/p>\n","protected":false},"excerpt":{"rendered":"<p>ENTRE TORMENTAS. El alcalde del municipio Rosario de Perij\u00e1 y candidato a la Gobernaci\u00f3n del&#8230;<\/p>\n","protected":false},"author":2,"featured_media":16418,"comment_status":"closed","ping_status":"open","sticky":false,"template":"","format":"standard","meta":{"footnotes":""},"categories":[57,1],"tags":[],"class_list":["post-16415","post","type-post","status-publish","format-standard","has-post-thumbnail","hentry","category-actualidad","category-regionales"],"_links":{"self":[{"href":"https:\/\/entretormentas.com\/index.php?rest_route=\/wp\/v2\/posts\/16415","targetHints":{"allow":["GET"]}}],"collection":[{"href":"https:\/\/entretormentas.com\/index.php?rest_route=\/wp\/v2\/posts"}],"about":[{"href":"https:\/\/entretormentas.com\/index.php?rest_route=\/wp\/v2\/types\/post"}],"author":[{"embeddable":true,"href":"https:\/\/entretormentas.com\/index.php?rest_route=\/wp\/v2\/users\/2"}],"replies":[{"embeddable":true,"href":"https:\/\/entretormentas.com\/index.php?rest_route=%2Fwp%2Fv2%2Fcomments&post=16415"}],"version-history":[{"count":1,"href":"https:\/\/entretormentas.com\/index.php?rest_route=\/wp\/v2\/posts\/16415\/revisions"}],"predecessor-version":[{"id":16419,"href":"https:\/\/entretormentas.com\/index.php?rest_route=\/wp\/v2\/posts\/16415\/revisions\/16419"}],"wp:featuredmedia":[{"embeddable":true,"href":"https:\/\/entretormentas.com\/index.php?rest_route=\/wp\/v2\/media\/16418"}],"wp:attachment":[{"href":"https:\/\/entretormentas.com\/index.php?rest_route=%2Fwp%2Fv2%2Fmedia&parent=16415"}],"wp:term":[{"taxonomy":"category","embeddable":true,"href":"https:\/\/entretormentas.com\/index.php?rest_route=%2Fwp%2Fv2%2Fcategories&post=16415"},{"taxonomy":"post_tag","embeddable":true,"href":"https:\/\/entretormentas.com\/index.php?rest_route=%2Fwp%2Fv2%2Ftags&post=16415"}],"curies":[{"name":"wp","href":"https:\/\/api.w.org\/{rel}","templated":true}]}}