{"id":16428,"date":"2025-05-10T12:45:45","date_gmt":"2025-05-10T10:45:45","guid":{"rendered":"https:\/\/entretormentas.com\/?p=16428"},"modified":"2025-05-10T12:45:45","modified_gmt":"2025-05-10T10:45:45","slug":"cercano-cardenal-porras-afirma-que-el-papa-leon-xiv-tiene-en-el-corazon-a-venezuela","status":"publish","type":"post","link":"https:\/\/entretormentas.com\/cercano-cardenal-porras-afirma-que-el-papa-leon-xiv-tiene-en-el-corazon-a-venezuela\/","title":{"rendered":"\u00a1CERCANO! Cardenal Porras afirma que el papa Le\u00f3n XIV tiene en el coraz\u00f3n a Venezuela"},"content":{"rendered":"\n<p><strong>ENTRE TORMENTAS.<\/strong> El cardenal, Baltazar Porras, revel\u00f3 que sostuvo un encuentro con el papa Le\u00f3n XIV luego de finalizar el c\u00f3nclave, en el que el Santo Padre env\u00edo sus bendiciones para Venezuela.<\/p>\n\n\n\n<p>\u00abTiene en el coraz\u00f3n tambi\u00e9n a Venezuela\u00bb, expres\u00f3. Asimismo, coment\u00f3 que \u00able repet\u00ed que recuerde que en Am\u00e9rica Latina y Venezuela al papa, sea quien sea, lo queremos y lo llevamos en el coraz\u00f3n\u00bb.<\/p>\n\n\n\n<figure class=\"wp-block-image size-full\"><img fetchpriority=\"high\" decoding=\"async\" width=\"528\" height=\"746\" src=\"https:\/\/entretormentas.com\/wp-content\/uploads\/2025\/05\/porras2.jpg\" alt=\"\" class=\"wp-image-16429\" srcset=\"https:\/\/entretormentas.com\/wp-content\/uploads\/2025\/05\/porras2.jpg 528w, https:\/\/entretormentas.com\/wp-content\/uploads\/2025\/05\/porras2-212x300.jpg 212w\" sizes=\"(max-width: 528px) 100vw, 528px\" \/><\/figure>\n\n\n\n<p>Porras afirm\u00f3 que la elecci\u00f3n de un papa americano \u00abno es un privilegio, sino un reto y un desaf\u00edo\u00bb ante el gran n\u00famero de cat\u00f3licos que hay en el continente.<\/p>\n\n\n\n<p>\u00abCon esa sencillez que lo caracteriza y ese sentido de continuidad en los proyectos que dej\u00f3 en camino el difunto papa Francisco, esa sinodalidad en la que siempre ha sido un hombre de equipo y un hombre con amplia experiencia de gobierno, ciertamente ser\u00e1 y esperamos una bendici\u00f3n para todos\u00bb, dijo.<\/p>\n\n\n\n<p>El representante de la iglesia venezolana asegur\u00f3 que el Pont\u00edfice es \u00abun hombre especial\u00bb, hijo de inmigrantes y un misionero que conoce la realidad de toda Am\u00e9rica.<br><strong><em>ET \/ Uni\u00f3n Radio<\/em><\/strong><\/p>\n","protected":false},"excerpt":{"rendered":"<p>ENTRE TORMENTAS. El cardenal, Baltazar Porras, revel\u00f3 que sostuvo un encuentro con el papa Le\u00f3n&#8230;<\/p>\n","protected":false},"author":2,"featured_media":16430,"comment_status":"closed","ping_status":"open","sticky":false,"template":"","format":"standard","meta":{"footnotes":""},"categories":[56,49],"tags":[],"class_list":["post-16428","post","type-post","status-publish","format-standard","has-post-thumbnail","hentry","category-destacadas","category-nacionales"],"_links":{"self":[{"href":"https:\/\/entretormentas.com\/index.php?rest_route=\/wp\/v2\/posts\/16428","targetHints":{"allow":["GET"]}}],"collection":[{"href":"https:\/\/entretormentas.com\/index.php?rest_route=\/wp\/v2\/posts"}],"about":[{"href":"https:\/\/entretormentas.com\/index.php?rest_route=\/wp\/v2\/types\/post"}],"author":[{"embeddable":true,"href":"https:\/\/entretormentas.com\/index.php?rest_route=\/wp\/v2\/users\/2"}],"replies":[{"embeddable":true,"href":"https:\/\/entretormentas.com\/index.php?rest_route=%2Fwp%2Fv2%2Fcomments&post=16428"}],"version-history":[{"count":1,"href":"https:\/\/entretormentas.com\/index.php?rest_route=\/wp\/v2\/posts\/16428\/revisions"}],"predecessor-version":[{"id":16431,"href":"https:\/\/entretormentas.com\/index.php?rest_route=\/wp\/v2\/posts\/16428\/revisions\/16431"}],"wp:featuredmedia":[{"embeddable":true,"href":"https:\/\/entretormentas.com\/index.php?rest_route=\/wp\/v2\/media\/16430"}],"wp:attachment":[{"href":"https:\/\/entretormentas.com\/index.php?rest_route=%2Fwp%2Fv2%2Fmedia&parent=16428"}],"wp:term":[{"taxonomy":"category","embeddable":true,"href":"https:\/\/entretormentas.com\/index.php?rest_route=%2Fwp%2Fv2%2Fcategories&post=16428"},{"taxonomy":"post_tag","embeddable":true,"href":"https:\/\/entretormentas.com\/index.php?rest_route=%2Fwp%2Fv2%2Ftags&post=16428"}],"curies":[{"name":"wp","href":"https:\/\/api.w.org\/{rel}","templated":true}]}}