{"id":16432,"date":"2025-05-10T12:49:14","date_gmt":"2025-05-10T10:49:14","guid":{"rendered":"https:\/\/entretormentas.com\/?p=16432"},"modified":"2025-05-10T12:49:16","modified_gmt":"2025-05-10T10:49:16","slug":"insistencia-gobierno-de-trump-pide-a-la-corte-suprema-poner-fin-al-parole-para-los-venezolanos","status":"publish","type":"post","link":"https:\/\/entretormentas.com\/insistencia-gobierno-de-trump-pide-a-la-corte-suprema-poner-fin-al-parole-para-los-venezolanos\/","title":{"rendered":"\u00a1INSISTENCIA! Gobierno de Trump pide a la Corte Suprema poner fin al parole para los venezolanos"},"content":{"rendered":"\n<p><strong>ENTRE TORMENTAS. <\/strong>El Gobierno del presidente de Estados Unidos, Donald Trump, inst\u00f3 a la Corte Suprema a que le permita poner fin a un programa de permanencia temporal (tambi\u00e9n conocido como \u2018parole\u2019) del Gobierno de Joe Biden que permite a ciudadanos de Cuba, Hait\u00ed, Nicaragua y Venezuela vivir y trabajar temporalmente en Estados Unidos.<\/p>\n\n\n\n<p>La apelaci\u00f3n de emergencia es la m\u00e1s reciente en llegar al alto tribunal por parte de la administraci\u00f3n que busca hacer retroceder las \u00f3rdenes de tribunales inferiores que bloquean la agenda de inmigraci\u00f3n de Trump.<\/p>\n\n\n\n<p>En su apelaci\u00f3n, el Departamento de Justicia de EE.UU. describi\u00f3 su decisi\u00f3n de revocar el \u2018parole\u2019 como \u201cuna de las decisiones de pol\u00edtica de inmigraci\u00f3n m\u00e1s consecuentes de la administraci\u00f3n\u201d.<\/p>\n\n\n\n<p>Las \u00f3rdenes de tribunales inferiores que bloquean temporalmente ese esfuerzo, dijo el gobierno al alto tribunal, trastornaron \u201cpol\u00edticas de inmigraci\u00f3n cr\u00edticas que est\u00e1n cuidadosamente calibradas para disuadir la entrada ilegal, viciando prerrogativas centrales del poder ejecutivo y deshaciendo pol\u00edticas democr\u00e1ticamente aprobadas que tuvieron un gran protagonismo en las elecciones de noviembre\u201d.<\/p>\n\n\n\n<p>El programa permite permanecer en Estados Unidos y trabajar durante un m\u00e1ximo de dos a\u00f1os a determinados extranjeros que tengan un patrocinador estadounidense, pudieran pasar los controles de seguridad y que no hubieran entrado ilegalmente en el pa\u00eds despu\u00e9s de 2022. Trump firm\u00f3 un decreto en su primer d\u00eda en el cargo para poner fin al programa de forma unilateral.<br><strong><em>ET \/ CNN<\/em><\/strong><\/p>\n\n\n\n<p><\/p>\n","protected":false},"excerpt":{"rendered":"<p>ENTRE TORMENTAS. El Gobierno del presidente de Estados Unidos, Donald Trump, inst\u00f3 a la Corte&#8230;<\/p>\n","protected":false},"author":2,"featured_media":16433,"comment_status":"closed","ping_status":"open","sticky":false,"template":"","format":"standard","meta":{"footnotes":""},"categories":[56,48],"tags":[],"class_list":["post-16432","post","type-post","status-publish","format-standard","has-post-thumbnail","hentry","category-destacadas","category-internacionales"],"_links":{"self":[{"href":"https:\/\/entretormentas.com\/index.php?rest_route=\/wp\/v2\/posts\/16432","targetHints":{"allow":["GET"]}}],"collection":[{"href":"https:\/\/entretormentas.com\/index.php?rest_route=\/wp\/v2\/posts"}],"about":[{"href":"https:\/\/entretormentas.com\/index.php?rest_route=\/wp\/v2\/types\/post"}],"author":[{"embeddable":true,"href":"https:\/\/entretormentas.com\/index.php?rest_route=\/wp\/v2\/users\/2"}],"replies":[{"embeddable":true,"href":"https:\/\/entretormentas.com\/index.php?rest_route=%2Fwp%2Fv2%2Fcomments&post=16432"}],"version-history":[{"count":1,"href":"https:\/\/entretormentas.com\/index.php?rest_route=\/wp\/v2\/posts\/16432\/revisions"}],"predecessor-version":[{"id":16434,"href":"https:\/\/entretormentas.com\/index.php?rest_route=\/wp\/v2\/posts\/16432\/revisions\/16434"}],"wp:featuredmedia":[{"embeddable":true,"href":"https:\/\/entretormentas.com\/index.php?rest_route=\/wp\/v2\/media\/16433"}],"wp:attachment":[{"href":"https:\/\/entretormentas.com\/index.php?rest_route=%2Fwp%2Fv2%2Fmedia&parent=16432"}],"wp:term":[{"taxonomy":"category","embeddable":true,"href":"https:\/\/entretormentas.com\/index.php?rest_route=%2Fwp%2Fv2%2Fcategories&post=16432"},{"taxonomy":"post_tag","embeddable":true,"href":"https:\/\/entretormentas.com\/index.php?rest_route=%2Fwp%2Fv2%2Ftags&post=16432"}],"curies":[{"name":"wp","href":"https:\/\/api.w.org\/{rel}","templated":true}]}}