{"id":16438,"date":"2025-05-11T15:31:26","date_gmt":"2025-05-11T13:31:26","guid":{"rendered":"https:\/\/entretormentas.com\/?p=16438"},"modified":"2025-05-11T15:31:27","modified_gmt":"2025-05-11T13:31:27","slug":"accion-necesaria-alcaldia-de-san-francisco-realiza-segunda-jornada-de-esterilizacion-felina","status":"publish","type":"post","link":"https:\/\/entretormentas.com\/accion-necesaria-alcaldia-de-san-francisco-realiza-segunda-jornada-de-esterilizacion-felina\/","title":{"rendered":"\u00a1ACCI\u00d3N NECESARIA! Alcald\u00eda de San Francisco realiza segunda jornada de esterilizaci\u00f3n felina"},"content":{"rendered":"\n<p><strong>ENTRE TORMENTAS. <\/strong>La alcald\u00eda de San Francisco, a trav\u00e9s de la gerencia de Desarrollo Social y Participaci\u00f3n Ciudadana y la Unidad Municipal de Protecci\u00f3n Animal San Francisco de As\u00eds (UMPASFA) realiz\u00f3 este viernes una segunda jornada de esterilizaci\u00f3n felina, en su sede, ubicada en la avenida 39, Plaza del Ateneo de San Francisco.<\/p>\n\n\n\n<p>En esta nueva oportunidad 23 felinos fueron beneficiados con esta cirug\u00eda a costos solidarios y 10 totalmente gratuitos, que incluyeron un paquete de; Antibi\u00f3tico, analg\u00e9sico, crema cicatrizante y corte de u\u00f1as.<\/p>\n\n\n\n<figure class=\"wp-block-image size-large\"><img fetchpriority=\"high\" decoding=\"async\" width=\"1024\" height=\"576\" src=\"https:\/\/entretormentas.com\/wp-content\/uploads\/2025\/05\/gatos2-1024x576.jpg\" alt=\"\" class=\"wp-image-16439\" srcset=\"https:\/\/entretormentas.com\/wp-content\/uploads\/2025\/05\/gatos2-1024x576.jpg 1024w, https:\/\/entretormentas.com\/wp-content\/uploads\/2025\/05\/gatos2-300x169.jpg 300w, https:\/\/entretormentas.com\/wp-content\/uploads\/2025\/05\/gatos2-768x432.jpg 768w, https:\/\/entretormentas.com\/wp-content\/uploads\/2025\/05\/gatos2.jpg 1280w\" sizes=\"(max-width: 1024px) 100vw, 1024px\" \/><\/figure>\n\n\n\n<p>Un calificado grupo de m\u00e9dicos veterinarios, capacitados en la higiene, esterilizaci\u00f3n y medicina preventiva, que diagnostican, controlan y erradican enfermedades en las especies animales, son los encargados de llevar a cabo este tipo de jornadas, a trav\u00e9s de planes de atenci\u00f3n primaria autogestionada.<\/p>\n\n\n\n<p>Fabiana Mar\u00edn, gerente de Desarrollo Social y Participaci\u00f3n Ciudadana del ayuntamiento sure\u00f1o, resalt\u00f3 que UMPASFA es una organizaci\u00f3n creada para la protecci\u00f3n y cuidado de las mascotas en San Francisco, cuyo objetivo principal es promover la adopci\u00f3n, educar sobre la tenencia responsable y proporcionar atenci\u00f3n m\u00e9dica veterinaria a los animales necesitados.<\/p>\n\n\n\n<p>Agreg\u00f3 que \u00aben el municipio existe una red de proteccionistas a nivel de todas las parroquias, con los cuales trabajamos en conjunto para brindar la atenci\u00f3n correspondiente a los felinos y caninos comunitarios, sin costo alguno en este tipo de jornadas, previo censo y ubicaci\u00f3n\u00bb. Igualmente en alianza con la fundaci\u00f3n capufajitas se realiz\u00f3 la venta de una faja post operatoria a precio accesible, cuyos recursos recaudados son destinados para la protecci\u00f3n animal.<\/p>\n\n\n\n<figure class=\"wp-block-image size-large\"><img decoding=\"async\" width=\"1024\" height=\"576\" src=\"https:\/\/entretormentas.com\/wp-content\/uploads\/2025\/05\/gatos3-1024x576.jpg\" alt=\"\" class=\"wp-image-16440\" srcset=\"https:\/\/entretormentas.com\/wp-content\/uploads\/2025\/05\/gatos3-1024x576.jpg 1024w, https:\/\/entretormentas.com\/wp-content\/uploads\/2025\/05\/gatos3-300x169.jpg 300w, https:\/\/entretormentas.com\/wp-content\/uploads\/2025\/05\/gatos3-768x432.jpg 768w, https:\/\/entretormentas.com\/wp-content\/uploads\/2025\/05\/gatos3.jpg 1280w\" sizes=\"(max-width: 1024px) 100vw, 1024px\" \/><\/figure>\n\n\n\n<p>Yolanda Echeto, propietaria de una gata bengala de 2 a\u00f1os de edad, expres\u00f3 su satisfacci\u00f3n y agradecimiento por este tipo de jornadas que son de f\u00e1cil acceso, y poca disponibilidad financiera, ya que en los centros cl\u00ednicos privados \u00ablos costos de estos servicios son muy elevados y la mayor\u00eda de los que estamos aqu\u00ed no contamos con los recursos econ\u00f3micos suficientes para realizar este tipo de procedimiento\u00bb, detall\u00f3.<\/p>\n\n\n\n<p>El alcalde Gustavo Fern\u00e1ndez, junto a su equipo de trabajo, contin\u00faa atendiendo las solicitudes de los ciudadanos de San Francisco, no solo en la consecuci\u00f3n de programas sociales, proyectos, obras y servicios, sino tambi\u00e9n en el bienestar y salud de nuestros m\u00e1s fieles amigos.<br><strong><em>ET \/ Alcald\u00eda de San Francisco<\/em><\/strong><\/p>\n","protected":false},"excerpt":{"rendered":"<p>ENTRE TORMENTAS. La alcald\u00eda de San Francisco, a trav\u00e9s de la gerencia de Desarrollo Social&#8230;<\/p>\n","protected":false},"author":2,"featured_media":16441,"comment_status":"closed","ping_status":"open","sticky":false,"template":"","format":"standard","meta":{"footnotes":""},"categories":[1],"tags":[],"class_list":["post-16438","post","type-post","status-publish","format-standard","has-post-thumbnail","hentry","category-regionales"],"_links":{"self":[{"href":"https:\/\/entretormentas.com\/index.php?rest_route=\/wp\/v2\/posts\/16438","targetHints":{"allow":["GET"]}}],"collection":[{"href":"https:\/\/entretormentas.com\/index.php?rest_route=\/wp\/v2\/posts"}],"about":[{"href":"https:\/\/entretormentas.com\/index.php?rest_route=\/wp\/v2\/types\/post"}],"author":[{"embeddable":true,"href":"https:\/\/entretormentas.com\/index.php?rest_route=\/wp\/v2\/users\/2"}],"replies":[{"embeddable":true,"href":"https:\/\/entretormentas.com\/index.php?rest_route=%2Fwp%2Fv2%2Fcomments&post=16438"}],"version-history":[{"count":1,"href":"https:\/\/entretormentas.com\/index.php?rest_route=\/wp\/v2\/posts\/16438\/revisions"}],"predecessor-version":[{"id":16442,"href":"https:\/\/entretormentas.com\/index.php?rest_route=\/wp\/v2\/posts\/16438\/revisions\/16442"}],"wp:featuredmedia":[{"embeddable":true,"href":"https:\/\/entretormentas.com\/index.php?rest_route=\/wp\/v2\/media\/16441"}],"wp:attachment":[{"href":"https:\/\/entretormentas.com\/index.php?rest_route=%2Fwp%2Fv2%2Fmedia&parent=16438"}],"wp:term":[{"taxonomy":"category","embeddable":true,"href":"https:\/\/entretormentas.com\/index.php?rest_route=%2Fwp%2Fv2%2Fcategories&post=16438"},{"taxonomy":"post_tag","embeddable":true,"href":"https:\/\/entretormentas.com\/index.php?rest_route=%2Fwp%2Fv2%2Ftags&post=16438"}],"curies":[{"name":"wp","href":"https:\/\/api.w.org\/{rel}","templated":true}]}}