{"id":16443,"date":"2025-05-11T15:36:49","date_gmt":"2025-05-11T13:36:49","guid":{"rendered":"https:\/\/entretormentas.com\/?p=16443"},"modified":"2025-05-11T15:36:49","modified_gmt":"2025-05-11T13:36:49","slug":"en-cristo-de-aranza-alcaldia-de-maracaibo-celebra-la-apertura-de-tres-nuevas-escuelitas-del-sol","status":"publish","type":"post","link":"https:\/\/entretormentas.com\/en-cristo-de-aranza-alcaldia-de-maracaibo-celebra-la-apertura-de-tres-nuevas-escuelitas-del-sol\/","title":{"rendered":"\u00a1EN CRISTO DE ARANZA! Alcald\u00eda de Maracaibo celebra la apertura de tres nuevas Escuelitas del Sol"},"content":{"rendered":"\n<p><strong>ENTRE TORMENTAS. <\/strong>Club de Tareas Dirigidas, Rayito de Luz y Sue\u00f1o Infantil, son los nombres de las tres Escuelitas del Sol inauguradas el mi\u00e9rcoles 7 de mayo por la Alcald\u00eda de Maracaibo a trav\u00e9s de la Direcci\u00f3n de Educaci\u00f3n y Asuntos Universitarios (DEAU).<\/p>\n\n\n\n<p>Estos nuevos espacios que impulsan el desarrollo integral de las infancias est\u00e1n ubicados en la parroquia Cristo de Aranza, espec\u00edficamente en los sectores Haticos, 23 de Enero y San Rafael, respectivamente. Con su apertura, un total de 69 ni\u00f1os, ni\u00f1as y adolescentes en edades comprendidas entre 4 y 14 a\u00f1os se integraron al programa y recibieron un kit de \u00fatiles escolares junto con su morral y uniforme.<\/p>\n\n\n\n<figure class=\"wp-block-image size-large\"><img fetchpriority=\"high\" decoding=\"async\" width=\"1024\" height=\"683\" src=\"https:\/\/entretormentas.com\/wp-content\/uploads\/2025\/05\/escuelita2-1024x683.jpg\" alt=\"\" class=\"wp-image-16444\" srcset=\"https:\/\/entretormentas.com\/wp-content\/uploads\/2025\/05\/escuelita2-1024x683.jpg 1024w, https:\/\/entretormentas.com\/wp-content\/uploads\/2025\/05\/escuelita2-300x200.jpg 300w, https:\/\/entretormentas.com\/wp-content\/uploads\/2025\/05\/escuelita2-768x512.jpg 768w, https:\/\/entretormentas.com\/wp-content\/uploads\/2025\/05\/escuelita2.jpg 1280w\" sizes=\"(max-width: 1024px) 100vw, 1024px\" \/><\/figure>\n\n\n\n<p>Adri\u00e1n Romero Mart\u00ednez, alcalde encargado, se\u00f1al\u00f3 durante el acto de apertura, realizado en la cancha deportiva La Asunci\u00f3n, del sector La Arreaga, que con las tres nuevas incorporaciones se totalizan 14 escuelitas existentes tan solo en esta parroquia. \u201cY llegamos a la cifra de 45 escuelitas en todo el municipio\u201d, comunic\u00f3 Romero Mart\u00ednez.<\/p>\n\n\n\n<p>Asimismo, enfatiz\u00f3 la importancia de estas iniciativas para el desarrollo educativo: \u201cCada vez que hacemos una apertura y una dotaci\u00f3n estamos cosechando educaci\u00f3n y desarrollo. As\u00ed seguimos impulsando espacios para preparar a todos estos ni\u00f1os que el d\u00eda de ma\u00f1ana van a ser forjadores de cosas buenas y positivas\u201d, concluy\u00f3 Romero Mart\u00ednez.<\/p>\n\n\n\n<p>Por su parte, Irlanda Garc\u00eda, directora de Educaci\u00f3n y Asuntos Universitarios, explic\u00f3 que hasta la fecha m\u00e1s de mil 150 ni\u00f1os, ni\u00f1as y adolescentes han sido atendidos desde el inicio del programa en 2023.<\/p>\n\n\n\n<figure class=\"wp-block-image size-large\"><img decoding=\"async\" width=\"1024\" height=\"683\" src=\"https:\/\/entretormentas.com\/wp-content\/uploads\/2025\/05\/escuelita3-1024x683.jpg\" alt=\"\" class=\"wp-image-16445\" srcset=\"https:\/\/entretormentas.com\/wp-content\/uploads\/2025\/05\/escuelita3-1024x683.jpg 1024w, https:\/\/entretormentas.com\/wp-content\/uploads\/2025\/05\/escuelita3-300x200.jpg 300w, https:\/\/entretormentas.com\/wp-content\/uploads\/2025\/05\/escuelita3-768x512.jpg 768w, https:\/\/entretormentas.com\/wp-content\/uploads\/2025\/05\/escuelita3.jpg 1280w\" sizes=\"(max-width: 1024px) 100vw, 1024px\" \/><\/figure>\n\n\n\n<p>\u201cEl apoyo no se queda en la dotaci\u00f3n de los morrales y \u00fatiles, los docentes tienen acceso a los programas de la direcci\u00f3n de educaci\u00f3n como Ecoescuela, Educaci\u00f3n en Valores, Escuela y Salud, Formaci\u00f3n en Valores y Escuela para Padres. La facilitadora tambi\u00e9n tiene la oportunidad de participar en los talleres de formaci\u00f3n docentes que coordinamos desde la direcci\u00f3n\u201d, explic\u00f3 Garc\u00eda.<\/p>\n\n\n\n<p>Luz Marina Corzo, docente de 62 a\u00f1os y coordinadora de la escuelita Rayito de Luz, expres\u00f3 su entusiasmo por unirse al programa tras 33 a\u00f1os de experiencia en la ense\u00f1anza dando clases de \u201ctareas dirigidas\u201d<\/p>\n\n\n\n<p>\u201cTodo lo que sea en beneficio de mis ni\u00f1os es bueno, precisamente por eso busqu\u00e9 el apoyo de la Alcald\u00eda, vengo de una comunidad de recursos bajos y ese bolso y materiales que hoy reciben mis alumnos representan una gran ayuda, pues en m\u00e1s de una ocasi\u00f3n me ha tocado hasta darles el cuaderno para que puedan hacer sus actividades\u201d, destac\u00f3 Corzo.<br><strong><em>ET \/ DCI Alcald\u00eda de Maracaibo<\/em><\/strong><\/p>\n","protected":false},"excerpt":{"rendered":"<p>ENTRE TORMENTAS. Club de Tareas Dirigidas, Rayito de Luz y Sue\u00f1o Infantil, son los nombres&#8230;<\/p>\n","protected":false},"author":2,"featured_media":16446,"comment_status":"closed","ping_status":"open","sticky":false,"template":"","format":"standard","meta":{"footnotes":""},"categories":[57,1],"tags":[],"class_list":["post-16443","post","type-post","status-publish","format-standard","has-post-thumbnail","hentry","category-actualidad","category-regionales"],"_links":{"self":[{"href":"https:\/\/entretormentas.com\/index.php?rest_route=\/wp\/v2\/posts\/16443","targetHints":{"allow":["GET"]}}],"collection":[{"href":"https:\/\/entretormentas.com\/index.php?rest_route=\/wp\/v2\/posts"}],"about":[{"href":"https:\/\/entretormentas.com\/index.php?rest_route=\/wp\/v2\/types\/post"}],"author":[{"embeddable":true,"href":"https:\/\/entretormentas.com\/index.php?rest_route=\/wp\/v2\/users\/2"}],"replies":[{"embeddable":true,"href":"https:\/\/entretormentas.com\/index.php?rest_route=%2Fwp%2Fv2%2Fcomments&post=16443"}],"version-history":[{"count":1,"href":"https:\/\/entretormentas.com\/index.php?rest_route=\/wp\/v2\/posts\/16443\/revisions"}],"predecessor-version":[{"id":16447,"href":"https:\/\/entretormentas.com\/index.php?rest_route=\/wp\/v2\/posts\/16443\/revisions\/16447"}],"wp:featuredmedia":[{"embeddable":true,"href":"https:\/\/entretormentas.com\/index.php?rest_route=\/wp\/v2\/media\/16446"}],"wp:attachment":[{"href":"https:\/\/entretormentas.com\/index.php?rest_route=%2Fwp%2Fv2%2Fmedia&parent=16443"}],"wp:term":[{"taxonomy":"category","embeddable":true,"href":"https:\/\/entretormentas.com\/index.php?rest_route=%2Fwp%2Fv2%2Fcategories&post=16443"},{"taxonomy":"post_tag","embeddable":true,"href":"https:\/\/entretormentas.com\/index.php?rest_route=%2Fwp%2Fv2%2Ftags&post=16443"}],"curies":[{"name":"wp","href":"https:\/\/api.w.org\/{rel}","templated":true}]}}