{"id":16468,"date":"2025-05-11T15:59:37","date_gmt":"2025-05-11T13:59:37","guid":{"rendered":"https:\/\/entretormentas.com\/?p=16468"},"modified":"2025-05-11T15:59:38","modified_gmt":"2025-05-11T13:59:38","slug":"jorge-rodriguez-el-26-may-amanecera-la-guayana-esequiba-con-gobernador-y-diputados-de-la-an","status":"publish","type":"post","link":"https:\/\/entretormentas.com\/jorge-rodriguez-el-26-may-amanecera-la-guayana-esequiba-con-gobernador-y-diputados-de-la-an\/","title":{"rendered":"JORGE RODR\u00cdGUEZ: \u00abEl 26-May amanecer\u00e1 la Guayana Esequiba con gobernador y diputados de la AN\u00bb"},"content":{"rendered":"\n<p><strong>ENTRE TORMENTAS. <\/strong>El jefe de campa\u00f1a Ven 25+ y presidente de la Asamblea Nacional, Jorge Rodr\u00edguez, expres\u00f3 que el simulacro electoral transcurre en total normalidad \u00aba pesar del s\u00e1bado at\u00edpico, el simulacro electoral tiene gran afluencia\u00bb.<\/p>\n\n\n\n<p>Ratific\u00f3 que el lunes 26 de mayo en el territorio de la Guayana Esequiba habr\u00e1 un gobernador y diputados de la Asamblea Nacional. \u00abPor primera vez estaremos eligiendo al gobernador de la Guayana Esequiba y los diputados de ese territorio que indiscutiblemente es venezolano\u00bb, dijo tras participar en el ensayo electoral, rese\u00f1\u00f3 Uni\u00f3n Radio.<\/p>\n\n\n\n<p>Al ser consultado sobre la postura de la Corte Internacional de Justicia sobre este territorio dijo que \u00abni nos interesa, ni nos importa. No tenemos nada que atender sobre un mandato ileg\u00edtimo. La Guayana Esequiba es un territorio hist\u00f3ricamente de Venezuela (\u2026) El pueblo vot\u00f3 de manera casi un\u00e1nime en el referendo del 3 de diciembre de 2024 las cinco preguntas, donde en una de ellas se dijo s\u00ed a las elecciones. Como se aprob\u00f3 en una ley, es una obligaci\u00f3n del CNE de convocarlas\u00bb, expres\u00f3.<\/p>\n\n\n\n<p>Afirm\u00f3 que el Gran Polo Patri\u00f3tico Sim\u00f3n Bol\u00edvar va en alianza perfecta a los comicios del 25 de mayo, mientras critic\u00f3 que los sectores de oposici\u00f3n est\u00e1n divididos en al menos 10 listas nacionales.<\/p>\n\n\n\n<p>\u00abEstamos aprovechando tambi\u00e9n para probar el despliegue de nuestra maquinaria. Al final de la jornada evaluaremos los procesos y c\u00f3mo se desarrollaron\u00bb, agreg\u00f3.<br><strong><em>ET \/ Agencias<\/em><\/strong><\/p>\n\n\n\n<p><\/p>\n","protected":false},"excerpt":{"rendered":"<p>ENTRE TORMENTAS. El jefe de campa\u00f1a Ven 25+ y presidente de la Asamblea Nacional, Jorge&#8230;<\/p>\n","protected":false},"author":2,"featured_media":16469,"comment_status":"closed","ping_status":"open","sticky":false,"template":"","format":"standard","meta":{"footnotes":""},"categories":[56,49],"tags":[],"class_list":["post-16468","post","type-post","status-publish","format-standard","has-post-thumbnail","hentry","category-destacadas","category-nacionales"],"_links":{"self":[{"href":"https:\/\/entretormentas.com\/index.php?rest_route=\/wp\/v2\/posts\/16468","targetHints":{"allow":["GET"]}}],"collection":[{"href":"https:\/\/entretormentas.com\/index.php?rest_route=\/wp\/v2\/posts"}],"about":[{"href":"https:\/\/entretormentas.com\/index.php?rest_route=\/wp\/v2\/types\/post"}],"author":[{"embeddable":true,"href":"https:\/\/entretormentas.com\/index.php?rest_route=\/wp\/v2\/users\/2"}],"replies":[{"embeddable":true,"href":"https:\/\/entretormentas.com\/index.php?rest_route=%2Fwp%2Fv2%2Fcomments&post=16468"}],"version-history":[{"count":1,"href":"https:\/\/entretormentas.com\/index.php?rest_route=\/wp\/v2\/posts\/16468\/revisions"}],"predecessor-version":[{"id":16470,"href":"https:\/\/entretormentas.com\/index.php?rest_route=\/wp\/v2\/posts\/16468\/revisions\/16470"}],"wp:featuredmedia":[{"embeddable":true,"href":"https:\/\/entretormentas.com\/index.php?rest_route=\/wp\/v2\/media\/16469"}],"wp:attachment":[{"href":"https:\/\/entretormentas.com\/index.php?rest_route=%2Fwp%2Fv2%2Fmedia&parent=16468"}],"wp:term":[{"taxonomy":"category","embeddable":true,"href":"https:\/\/entretormentas.com\/index.php?rest_route=%2Fwp%2Fv2%2Fcategories&post=16468"},{"taxonomy":"post_tag","embeddable":true,"href":"https:\/\/entretormentas.com\/index.php?rest_route=%2Fwp%2Fv2%2Ftags&post=16468"}],"curies":[{"name":"wp","href":"https:\/\/api.w.org\/{rel}","templated":true}]}}