{"id":16482,"date":"2025-05-12T10:41:13","date_gmt":"2025-05-12T08:41:13","guid":{"rendered":"https:\/\/entretormentas.com\/?p=16482"},"modified":"2025-05-12T10:41:13","modified_gmt":"2025-05-12T08:41:13","slug":"en-maracaibo-trabajadores-de-los-cementerios-municipales-destacan-esfuerzo-para-lograr-limpieza-total","status":"publish","type":"post","link":"https:\/\/entretormentas.com\/en-maracaibo-trabajadores-de-los-cementerios-municipales-destacan-esfuerzo-para-lograr-limpieza-total\/","title":{"rendered":"\u00a1EN MARACAIBO! Trabajadores de los cementerios municipales destacan esfuerzo para lograr limpieza total"},"content":{"rendered":"\n<p><strong>ENTRE TORMENTAS. <\/strong>La Alcald\u00eda de Maracaibo a trav\u00e9s de la del Servicio Desconcentrado de Cementerios Municipales de Maracaibo (SEDECEMA), entreg\u00f3 100 por ciento desmalezados los cementerios municipales, una labor tit\u00e1nica que se logr\u00f3 gracias a horas de esfuerzo y trabajo de un equipo de hombres y mujeres que confirman que el objetivo es brindar un entorno \u201cdigno\u201d a las familias que visitan a sus seres queridos fallecidos en fechas emblem\u00e1ticas como el D\u00eda de las Madres.<\/p>\n\n\n\n<p>El operativo de limpieza que se ejecut\u00f3 con el apoyo de un equipo de trabajadores dedicados, incluy\u00f3 labores de desmalezamiento, poda de \u00e1rboles, recolecci\u00f3n de desechos y limpieza general. Los trabajadores, protagonistas de esta jornada, relataron sus experiencias y el significado que tiene para ellos participar en esta labor.<\/p>\n\n\n\n<figure class=\"wp-block-image size-large\"><img fetchpriority=\"high\" decoding=\"async\" width=\"1024\" height=\"768\" src=\"https:\/\/entretormentas.com\/wp-content\/uploads\/2025\/05\/ceme2-1024x768.jpg\" alt=\"\" class=\"wp-image-16483\" srcset=\"https:\/\/entretormentas.com\/wp-content\/uploads\/2025\/05\/ceme2-1024x768.jpg 1024w, https:\/\/entretormentas.com\/wp-content\/uploads\/2025\/05\/ceme2-300x225.jpg 300w, https:\/\/entretormentas.com\/wp-content\/uploads\/2025\/05\/ceme2-768x576.jpg 768w, https:\/\/entretormentas.com\/wp-content\/uploads\/2025\/05\/ceme2.jpg 1280w\" sizes=\"(max-width: 1024px) 100vw, 1024px\" \/><\/figure>\n\n\n\n<p>\u201cLlevo 15 a\u00f1os trabajando en el cementerio y he visto c\u00f3mo ha cambiado con el tiempo, pero un operativo de esta magnitud es la primera vez que se hace\u201d, comento Jes\u00fas P\u00e9rez, obrero del cementerio San Jos\u00e9.<\/p>\n\n\n\n<p>P\u00e9rez, quien es uno de los empleados con m\u00e1s experiencia en este camposanto a\u00f1adi\u00f3: \u201csiento mucha felicidad de que este lugar est\u00e9 en \u00f3ptimas condiciones para las familias que vienen a recordar a sus seres queridos\u201d.<\/p>\n\n\n\n<p>Carmen Jim\u00e9nez, obrera de barrido manual, que tiene 12 a\u00f1os trabajando en el cementerio destac\u00f3: \u201cEn mis a\u00f1os de servicio en el cementerio San Jos\u00e9 he sido testigo de su evoluci\u00f3n. Este operativo refleja un gran cambio. Este lugar es para m\u00ed, mi segunda casa, me siento orgullosa de trabajar aqu\u00ed y ser parte de este cambio\u201d.<\/p>\n\n\n\n<figure class=\"wp-block-image size-large\"><img decoding=\"async\" width=\"1024\" height=\"768\" src=\"https:\/\/entretormentas.com\/wp-content\/uploads\/2025\/05\/ceme3-1024x768.jpg\" alt=\"\" class=\"wp-image-16484\" srcset=\"https:\/\/entretormentas.com\/wp-content\/uploads\/2025\/05\/ceme3-1024x768.jpg 1024w, https:\/\/entretormentas.com\/wp-content\/uploads\/2025\/05\/ceme3-300x225.jpg 300w, https:\/\/entretormentas.com\/wp-content\/uploads\/2025\/05\/ceme3-768x576.jpg 768w, https:\/\/entretormentas.com\/wp-content\/uploads\/2025\/05\/ceme3.jpg 1280w\" sizes=\"(max-width: 1024px) 100vw, 1024px\" \/><\/figure>\n\n\n\n<p>Jim\u00e9nez expres\u00f3 orgullo de saber que su trabajo beneficia a tantas familias. \u201cCada d\u00eda mis compa\u00f1eros y yo nos esforzamos al m\u00e1ximo para que este lugar sea un espacio de paz y respeto\u201d, destac\u00f3.<\/p>\n\n\n\n<p>Los trabajadores tambi\u00e9n expresaron su satisfacci\u00f3n por el impacto positivo que su labor tiene en la comunidad.<\/p>\n\n\n\n<p>\u201cParticipar en el desmalezamiento es una tarea ardua, pero muy gratificante. En los \u00faltimos 4 a\u00f1os se ha dado un cambio bastante grande en el cementerio; la capilla fue remodelada, los ba\u00f1os para los usuarios y las oficinas administrativas remodeladas, y ahora este operativo que le est\u00e1 dando otra cara al cementerio y donde todos estamos sumando esfuerzo\u201d, recalc\u00f3 Mar\u00eda Bri\u00f1ez, de 39 a\u00f1os, y con 14 a\u00f1os trabajando de obrera del cementerio Sagrado Coraz\u00f3n de Jes\u00fas.<\/p>\n\n\n\n<p>Para Julio Hern\u00e1ndez, empleado del Sagrado Coraz\u00f3n de Jes\u00fas desde hace 14 a\u00f1os, es satisfactorio que las familias agradezcan el trabajo que realizan. \u201cTen\u00eda muchos a\u00f1os que no ve\u00eda un operativo as\u00ed de grande\u201d, mencion\u00f3 quien desempe\u00f1a funciones de caporal.<\/p>\n\n\n\n<figure class=\"wp-block-image size-large\"><img decoding=\"async\" width=\"1024\" height=\"768\" src=\"https:\/\/entretormentas.com\/wp-content\/uploads\/2025\/05\/ceme4-1024x768.jpg\" alt=\"\" class=\"wp-image-16485\" srcset=\"https:\/\/entretormentas.com\/wp-content\/uploads\/2025\/05\/ceme4-1024x768.jpg 1024w, https:\/\/entretormentas.com\/wp-content\/uploads\/2025\/05\/ceme4-300x225.jpg 300w, https:\/\/entretormentas.com\/wp-content\/uploads\/2025\/05\/ceme4-768x576.jpg 768w, https:\/\/entretormentas.com\/wp-content\/uploads\/2025\/05\/ceme4.jpg 1280w\" sizes=\"(max-width: 1024px) 100vw, 1024px\" \/><\/figure>\n\n\n\n<p>\u201cParticipar en el desmalezamiento es una tarea ardua, pero muy gratificante. Sabemos que estamos contribuyendo a que las familias tengan un espacio adecuado para recordar a sus madres. Queremos que sientan que sus seres queridos son recordados con cari\u00f1o y respeto\u201d, se\u00f1al\u00f3 Hern\u00e1ndez.<\/p>\n\n\n\n<p>Por su parte, Edgar Gonz\u00e1lez, supervisor de barrido manual y con 12 a\u00f1os trabajando en el cementerio Sagrado Coraz\u00f3n de Jes\u00fas, reafirm\u00f3 el compromiso por parte de la Alcald\u00eda de Maracaibo en el mantenimiento de los cementerios.<\/p>\n\n\n\n<p>\u201cDesde hace cuatro a\u00f1os se ha visto un cambio positivo en este lugar que nunca hab\u00eda visto, cada d\u00eda colocamos nuestro granito de arena para que sea un espacio que todos puedan visitar\u201d, indic\u00f3.<br><strong><em>ET \/ DCI Alcald\u00eda de Maracaibo<\/em><\/strong><\/p>\n\n\n\n<p><\/p>\n","protected":false},"excerpt":{"rendered":"<p>ENTRE TORMENTAS. La Alcald\u00eda de Maracaibo a trav\u00e9s de la del Servicio Desconcentrado de Cementerios&#8230;<\/p>\n","protected":false},"author":2,"featured_media":16486,"comment_status":"closed","ping_status":"open","sticky":false,"template":"","format":"standard","meta":{"footnotes":""},"categories":[57,1],"tags":[],"class_list":["post-16482","post","type-post","status-publish","format-standard","has-post-thumbnail","hentry","category-actualidad","category-regionales"],"_links":{"self":[{"href":"https:\/\/entretormentas.com\/index.php?rest_route=\/wp\/v2\/posts\/16482","targetHints":{"allow":["GET"]}}],"collection":[{"href":"https:\/\/entretormentas.com\/index.php?rest_route=\/wp\/v2\/posts"}],"about":[{"href":"https:\/\/entretormentas.com\/index.php?rest_route=\/wp\/v2\/types\/post"}],"author":[{"embeddable":true,"href":"https:\/\/entretormentas.com\/index.php?rest_route=\/wp\/v2\/users\/2"}],"replies":[{"embeddable":true,"href":"https:\/\/entretormentas.com\/index.php?rest_route=%2Fwp%2Fv2%2Fcomments&post=16482"}],"version-history":[{"count":1,"href":"https:\/\/entretormentas.com\/index.php?rest_route=\/wp\/v2\/posts\/16482\/revisions"}],"predecessor-version":[{"id":16487,"href":"https:\/\/entretormentas.com\/index.php?rest_route=\/wp\/v2\/posts\/16482\/revisions\/16487"}],"wp:featuredmedia":[{"embeddable":true,"href":"https:\/\/entretormentas.com\/index.php?rest_route=\/wp\/v2\/media\/16486"}],"wp:attachment":[{"href":"https:\/\/entretormentas.com\/index.php?rest_route=%2Fwp%2Fv2%2Fmedia&parent=16482"}],"wp:term":[{"taxonomy":"category","embeddable":true,"href":"https:\/\/entretormentas.com\/index.php?rest_route=%2Fwp%2Fv2%2Fcategories&post=16482"},{"taxonomy":"post_tag","embeddable":true,"href":"https:\/\/entretormentas.com\/index.php?rest_route=%2Fwp%2Fv2%2Ftags&post=16482"}],"curies":[{"name":"wp","href":"https:\/\/api.w.org\/{rel}","templated":true}]}}