{"id":16488,"date":"2025-05-12T10:46:00","date_gmt":"2025-05-12T08:46:00","guid":{"rendered":"https:\/\/entretormentas.com\/?p=16488"},"modified":"2025-05-12T10:46:00","modified_gmt":"2025-05-12T08:46:00","slug":"en-lagunillas-gobernacion-despliega-jornadas-sociales-este-lunes-12-may","status":"publish","type":"post","link":"https:\/\/entretormentas.com\/en-lagunillas-gobernacion-despliega-jornadas-sociales-este-lunes-12-may\/","title":{"rendered":"\u00a1EN LAGUNILLAS! Gobernaci\u00f3n despliega jornadas sociales este lunes 12-May"},"content":{"rendered":"\n<p><strong>ENTRE TORMENTAS. <\/strong>La Gobernaci\u00f3n del Zulia, a trav\u00e9s de la Secretar\u00eda de Desarrollo Social, la Fundaci\u00f3n Barrio a Barrio, el Programa Con Buenos Ojos y Mercados Populares, realizar\u00e1 este lunes 12 de mayo, grandes jornadas en Lagunillas con el objetivo de ofrecer asistencia a aquellos que lo requieran.<\/p>\n\n\n\n<p>El Mercado Popular, se llevar\u00e1 a cabo en la parroquia Libertad, espec\u00edficamente en el estacionamiento frente a servicios M\u00e9dicos Cl\u00ednica Colon, urbanizaci\u00f3n Libertad; a partir de las 8:00 a.m. Este mercado contar\u00e1 con alimentos de primera calidad a precios insuperables.<\/p>\n\n\n\n<figure class=\"wp-block-image size-large\"><img fetchpriority=\"high\" decoding=\"async\" width=\"1024\" height=\"682\" src=\"https:\/\/entretormentas.com\/wp-content\/uploads\/2025\/05\/lagu1-1024x682.jpg\" alt=\"\" class=\"wp-image-16489\" srcset=\"https:\/\/entretormentas.com\/wp-content\/uploads\/2025\/05\/lagu1-1024x682.jpg 1024w, https:\/\/entretormentas.com\/wp-content\/uploads\/2025\/05\/lagu1-300x200.jpg 300w, https:\/\/entretormentas.com\/wp-content\/uploads\/2025\/05\/lagu1-768x512.jpg 768w, https:\/\/entretormentas.com\/wp-content\/uploads\/2025\/05\/lagu1-1536x1024.jpg 1536w, https:\/\/entretormentas.com\/wp-content\/uploads\/2025\/05\/lagu1-2048x1365.jpg 2048w\" sizes=\"(max-width: 1024px) 100vw, 1024px\" \/><\/figure>\n\n\n\n<p><strong>JORNADA M\u00c9DICO-ODONTOL\u00d3GICA<\/strong><br>Igualmente, se desplegar\u00e1 una jornada m\u00e9dico odontol\u00f3gica en la parroquia El danto, cancha de usos m\u00faltiples del sector San Benito Av. principal; a partir de las 8:00 a.m.<\/p>\n\n\n\n<p>La jornada incluir\u00e1 la entrega de medicamentos gratuitos, servicio de odontolog\u00eda, despistaje de hipertensi\u00f3n arterial y glicemia, desparasitaci\u00f3n, vacunaci\u00f3n, evaluaci\u00f3n cardiovascular, peluquer\u00eda y pinta caritas.<\/p>\n\n\n\n<figure class=\"wp-block-image size-large\"><img decoding=\"async\" width=\"1024\" height=\"682\" src=\"https:\/\/entretormentas.com\/wp-content\/uploads\/2025\/05\/lagu2-1024x682.jpg\" alt=\"\" class=\"wp-image-16490\" srcset=\"https:\/\/entretormentas.com\/wp-content\/uploads\/2025\/05\/lagu2-1024x682.jpg 1024w, https:\/\/entretormentas.com\/wp-content\/uploads\/2025\/05\/lagu2-300x200.jpg 300w, https:\/\/entretormentas.com\/wp-content\/uploads\/2025\/05\/lagu2-768x512.jpg 768w, https:\/\/entretormentas.com\/wp-content\/uploads\/2025\/05\/lagu2-1536x1024.jpg 1536w, https:\/\/entretormentas.com\/wp-content\/uploads\/2025\/05\/lagu2-2048x1365.jpg 2048w\" sizes=\"(max-width: 1024px) 100vw, 1024px\" \/><\/figure>\n\n\n\n<p><strong>JORNADA DE CAPTACI\u00d3N<\/strong><br>A su vez, se realizar\u00e1 una jornada de captaci\u00f3n del Programa Con Buenos Ojos en el municipio Lagunillas, parroquia Paraute, Sociedad Civil Pro La Guardia, Av. Crist\u00f3bal Col\u00f3n, al lado del Colegio Juan Bosco. Esta jornada contar\u00e1 con diversos ex\u00e1menes visuales para detectar cualquier anomal\u00eda.<\/p>\n\n\n\n<p>A trav\u00e9s de estas jornadas, la Gobernaci\u00f3n del Zulia busca brindar atenci\u00f3n a la poblaci\u00f3n y el bienestar de toda la comunidad.<br><strong><em>ET \/ Nota de Prensa<\/em><\/strong><\/p>\n","protected":false},"excerpt":{"rendered":"<p>ENTRE TORMENTAS. La Gobernaci\u00f3n del Zulia, a trav\u00e9s de la Secretar\u00eda de Desarrollo Social, la&#8230;<\/p>\n","protected":false},"author":2,"featured_media":16491,"comment_status":"closed","ping_status":"open","sticky":false,"template":"","format":"standard","meta":{"footnotes":""},"categories":[57,1],"tags":[],"class_list":["post-16488","post","type-post","status-publish","format-standard","has-post-thumbnail","hentry","category-actualidad","category-regionales"],"_links":{"self":[{"href":"https:\/\/entretormentas.com\/index.php?rest_route=\/wp\/v2\/posts\/16488","targetHints":{"allow":["GET"]}}],"collection":[{"href":"https:\/\/entretormentas.com\/index.php?rest_route=\/wp\/v2\/posts"}],"about":[{"href":"https:\/\/entretormentas.com\/index.php?rest_route=\/wp\/v2\/types\/post"}],"author":[{"embeddable":true,"href":"https:\/\/entretormentas.com\/index.php?rest_route=\/wp\/v2\/users\/2"}],"replies":[{"embeddable":true,"href":"https:\/\/entretormentas.com\/index.php?rest_route=%2Fwp%2Fv2%2Fcomments&post=16488"}],"version-history":[{"count":1,"href":"https:\/\/entretormentas.com\/index.php?rest_route=\/wp\/v2\/posts\/16488\/revisions"}],"predecessor-version":[{"id":16492,"href":"https:\/\/entretormentas.com\/index.php?rest_route=\/wp\/v2\/posts\/16488\/revisions\/16492"}],"wp:featuredmedia":[{"embeddable":true,"href":"https:\/\/entretormentas.com\/index.php?rest_route=\/wp\/v2\/media\/16491"}],"wp:attachment":[{"href":"https:\/\/entretormentas.com\/index.php?rest_route=%2Fwp%2Fv2%2Fmedia&parent=16488"}],"wp:term":[{"taxonomy":"category","embeddable":true,"href":"https:\/\/entretormentas.com\/index.php?rest_route=%2Fwp%2Fv2%2Fcategories&post=16488"},{"taxonomy":"post_tag","embeddable":true,"href":"https:\/\/entretormentas.com\/index.php?rest_route=%2Fwp%2Fv2%2Ftags&post=16488"}],"curies":[{"name":"wp","href":"https:\/\/api.w.org\/{rel}","templated":true}]}}