{"id":16493,"date":"2025-05-12T10:51:38","date_gmt":"2025-05-12T08:51:38","guid":{"rendered":"https:\/\/entretormentas.com\/?p=16493"},"modified":"2025-05-12T10:51:39","modified_gmt":"2025-05-12T08:51:39","slug":"55-pares-de-lentes-entregados-alcaldia-de-maracaibo-realiza-el-primer-ver-para-aprender-de-2025","status":"publish","type":"post","link":"https:\/\/entretormentas.com\/55-pares-de-lentes-entregados-alcaldia-de-maracaibo-realiza-el-primer-ver-para-aprender-de-2025\/","title":{"rendered":"\u00a155 PARES DE LENTES ENTREGADOS! Alcald\u00eda de Maracaibo realiza el primer Ver para Aprender de 2025"},"content":{"rendered":"\n<p><strong>ENTRE TORMENTAS. <\/strong>Para brindarles herramientas que les garanticen un mejor rendimiento acad\u00e9mico y su pleno desarrollo intelectual, la Alcald\u00eda de Maracaibo a trav\u00e9s de la Direcci\u00f3n General de Desarrollo Social, benefici\u00f3 con el programa oftalmol\u00f3gico Ver Para Aprender a 55 ni\u00f1os y ni\u00f1as del municipio.<\/p>\n\n\n\n<p>Gracias a la alianza con la empresa Opticolor y el apoyo del Club de Leones y la Fundaci\u00f3n de Padres y Amigos de J\u00f3venes y Adultos con Discapacidad Intelectual y del Espectro Autista (FUNPARM), se realiz\u00f3 con \u00e9xito la primera entrega de lentes del a\u00f1o 2025 la ma\u00f1ana del viernes 9 de mayo, d\u00e1ndole continuidad a este programa que busca mejorar la calidad de vida de ni\u00f1os con patolog\u00edas visuales como miop\u00eda, astigmatismo y estrabismo.<\/p>\n\n\n\n<figure class=\"wp-block-image size-large\"><img fetchpriority=\"high\" decoding=\"async\" width=\"1024\" height=\"683\" src=\"https:\/\/entretormentas.com\/wp-content\/uploads\/2025\/05\/alcalentes2-1024x683.jpg\" alt=\"\" class=\"wp-image-16494\" srcset=\"https:\/\/entretormentas.com\/wp-content\/uploads\/2025\/05\/alcalentes2-1024x683.jpg 1024w, https:\/\/entretormentas.com\/wp-content\/uploads\/2025\/05\/alcalentes2-300x200.jpg 300w, https:\/\/entretormentas.com\/wp-content\/uploads\/2025\/05\/alcalentes2-768x512.jpg 768w, https:\/\/entretormentas.com\/wp-content\/uploads\/2025\/05\/alcalentes2.jpg 1280w\" sizes=\"(max-width: 1024px) 100vw, 1024px\" \/><\/figure>\n\n\n\n<p>\u201cDesde el inicio de este programa junto al alcalde Rafael Ram\u00edrez Colina, hemos llevado a cabo este programa con dedicaci\u00f3n y compromiso. Nuestro objetivo ha sido brindar el apoyo necesario a todos nuestros ni\u00f1os, ni\u00f1as y adolescentes. Hoy, les entregamos una herramienta que mejorar\u00e1 su capacidad visual, facilitando as\u00ed su proceso de aprendizaje y permiti\u00e9ndoles estudiar sin dificultades.<br>\u200e<br>En su m\u00e1s reciente edici\u00f3n realizada en la sede de la FUNPARM, el programa benefici\u00f3 a ni\u00f1os de las 18 parroquias de la ciudad, en edades comprendidas entre 4 y 10 a\u00f1os.<\/p>\n\n\n\n<p>Por su parte, Jackeline Simancas, directora general encargada de Desarrollo Social, precis\u00f3 que hasta la fecha se han realizado 27 entregas de lentes desde el a\u00f1o 2022, totalizando m\u00e1s de 820 beneficiados. \u201cGracias a las alianzas que hemos sostenido con el sector privado, podemos hacer este donativo a las familias de escasos recursos cuyos ni\u00f1os enfrentan problemas de visi\u00f3n\u201d, concluy\u00f3.<\/p>\n\n\n\n<figure class=\"wp-block-image size-large\"><img decoding=\"async\" width=\"1024\" height=\"683\" src=\"https:\/\/entretormentas.com\/wp-content\/uploads\/2025\/05\/alcalentes3-1024x683.jpg\" alt=\"\" class=\"wp-image-16495\" srcset=\"https:\/\/entretormentas.com\/wp-content\/uploads\/2025\/05\/alcalentes3-1024x683.jpg 1024w, https:\/\/entretormentas.com\/wp-content\/uploads\/2025\/05\/alcalentes3-300x200.jpg 300w, https:\/\/entretormentas.com\/wp-content\/uploads\/2025\/05\/alcalentes3-768x512.jpg 768w, https:\/\/entretormentas.com\/wp-content\/uploads\/2025\/05\/alcalentes3.jpg 1280w\" sizes=\"(max-width: 1024px) 100vw, 1024px\" \/><\/figure>\n\n\n\n<p>Gabriela Vivas, ama de casa de 27 a\u00f1os y madre de la ni\u00f1a Noem\u00ed Garc\u00eda, de 9 a\u00f1os, beneficiada en esta entrega, califica el programa Ver para Aprender c\u00f3mo una \u201cbendici\u00f3n\u201d, ya que le permitir\u00e1 a su hija \u201ctener un mejor desarrollo y mejorar\u00e1 su calidad de vida\u201d<\/p>\n\n\n\n<p>\u200e \u201cA Noem\u00ed le cuesta ver de lejos\u201d, relat\u00f3 Garc\u00eda. \u201cRecuerdo un d\u00eda en que me dijo: \u2018Mami, \u00bfVes aquellas el\u00e9ctricas que est\u00e1n all\u00e1?\u2019 Yo le respond\u00ed que s\u00ed, pero ella me mir\u00f3 con tristeza y me dijo: \u2018Yo no\u2019. Eso me entristeci\u00f3\u201d. La angustia de ver a su hija enfrentarse a dificultades en su desarrollo acad\u00e9mico se convirti\u00f3 en un motor para Gabriela. Desde ese momento, decidi\u00f3 hacer todo lo posible para buscar ayuda.<br>\u200e<br>\u200e\u201cGracias a Dios lleg\u00f3 el d\u00eda\u201d, coment\u00f3 Gabriela. \u201cEs una bendici\u00f3n porque ahora, a la hora de ir a leer en la pizarra, ya no tendr\u00e1 que luchar como antes\u201d.<br><strong><em>DCI \/ Alcald\u00eda de Maracaibo<\/em><\/strong><\/p>\n","protected":false},"excerpt":{"rendered":"<p>ENTRE TORMENTAS. Para brindarles herramientas que les garanticen un mejor rendimiento acad\u00e9mico y su pleno&#8230;<\/p>\n","protected":false},"author":2,"featured_media":16496,"comment_status":"closed","ping_status":"open","sticky":false,"template":"","format":"standard","meta":{"footnotes":""},"categories":[57,1],"tags":[],"class_list":["post-16493","post","type-post","status-publish","format-standard","has-post-thumbnail","hentry","category-actualidad","category-regionales"],"_links":{"self":[{"href":"https:\/\/entretormentas.com\/index.php?rest_route=\/wp\/v2\/posts\/16493","targetHints":{"allow":["GET"]}}],"collection":[{"href":"https:\/\/entretormentas.com\/index.php?rest_route=\/wp\/v2\/posts"}],"about":[{"href":"https:\/\/entretormentas.com\/index.php?rest_route=\/wp\/v2\/types\/post"}],"author":[{"embeddable":true,"href":"https:\/\/entretormentas.com\/index.php?rest_route=\/wp\/v2\/users\/2"}],"replies":[{"embeddable":true,"href":"https:\/\/entretormentas.com\/index.php?rest_route=%2Fwp%2Fv2%2Fcomments&post=16493"}],"version-history":[{"count":1,"href":"https:\/\/entretormentas.com\/index.php?rest_route=\/wp\/v2\/posts\/16493\/revisions"}],"predecessor-version":[{"id":16497,"href":"https:\/\/entretormentas.com\/index.php?rest_route=\/wp\/v2\/posts\/16493\/revisions\/16497"}],"wp:featuredmedia":[{"embeddable":true,"href":"https:\/\/entretormentas.com\/index.php?rest_route=\/wp\/v2\/media\/16496"}],"wp:attachment":[{"href":"https:\/\/entretormentas.com\/index.php?rest_route=%2Fwp%2Fv2%2Fmedia&parent=16493"}],"wp:term":[{"taxonomy":"category","embeddable":true,"href":"https:\/\/entretormentas.com\/index.php?rest_route=%2Fwp%2Fv2%2Fcategories&post=16493"},{"taxonomy":"post_tag","embeddable":true,"href":"https:\/\/entretormentas.com\/index.php?rest_route=%2Fwp%2Fv2%2Ftags&post=16493"}],"curies":[{"name":"wp","href":"https:\/\/api.w.org\/{rel}","templated":true}]}}