{"id":16507,"date":"2025-05-12T11:02:55","date_gmt":"2025-05-12T09:02:55","guid":{"rendered":"https:\/\/entretormentas.com\/?p=16507"},"modified":"2025-05-12T11:02:55","modified_gmt":"2025-05-12T09:02:55","slug":"exigencia-andreina-baduel-exige-fe-de-vida-de-su-hermano-detenido-en-el-rodeo-1","status":"publish","type":"post","link":"https:\/\/entretormentas.com\/exigencia-andreina-baduel-exige-fe-de-vida-de-su-hermano-detenido-en-el-rodeo-1\/","title":{"rendered":"\u00a1EXIGENCIA! Andre\u00edna Baduel exige fe de vida de su hermano detenido en el Rodeo 1"},"content":{"rendered":"\n<p><strong>ENTRE TORMENTAS. <\/strong>Tras las informaciones que han proliferado en las redes sociales sobre el fallecimiento en prisi\u00f3n de Josnars Augusto Baduel, su hermana Andre\u00edna Baduel exige al Estado venezolano una fe de vida del detenido por razones pol\u00edticas.<\/p>\n\n\n\n<p>A trav\u00e9s de su cuenta en la red social X, la activista por la libertad de los presos pol\u00edticos, se\u00f1al\u00f3 que la \u00faltimas vez que supieron \u00abalgo fue el 22 de abril, durante una audiencia de apelaci\u00f3n, v\u00eda telem\u00e1tica, en la que apareci\u00f3n con un cabestrillo y denunci\u00f3 ante el juez, que ten\u00eda meses sin ver, ni hablar con su familia\u00bb.<\/p>\n\n\n\n<p>Josnars Baduel fue encarcelado por su participaci\u00f3n en la Operaci\u00f3n Gede\u00f3n, es hijo del exministro de la Defensa y personaje determinante en el regreso de Hugo Ch\u00e1vez el 13 de abril 2002, Ra\u00fal Isa\u00edas Baduel, quien falleci\u00f3 en la c\u00e1rcel considerado preso pol\u00edtico.<\/p>\n\n\n\n<p><strong>Ac\u00e1 el texto del post de X de Andre\u00edna Baduel:<\/strong><br><em>Hoy despertamos con rumores en redes sociales sobre la posible muerte de mi hermano, Josnars Adolfo Baduel. En la c\u00e1rcel de El Rodeo I no nos dan ninguna informaci\u00f3n. Vinimos con la esperanza de tener noticias, pero los funcionarios se negaron a ofrecernos detalles y no nos permitieron verlo. No hubo comunicaci\u00f3n oficial alguna. Solo nos solicitaron un inmovilizador de hombro, sin explicar su estado de salud ni el motivo de la solicitud. Desde hace m\u00e1s de tres meses no hemos podido verlo. La \u00faltima vez que supimos algo fue el 22 de Abril, durante una audiencia de apelaci\u00f3n, v\u00eda telem\u00e1tica, en la que apareci\u00f3 con un cabestrillo y denunci\u00f3 ante el juez, que ten\u00eda meses sin ver, ni hablar con su familia y su estado de salud. No sabemos qu\u00e9 ha ocurrido desde entonces. Ignoramos si las torturas han aumentado, si su estado de salud se ha deteriorado a\u00fan m\u00e1s, si los dolores cr\u00f3nicos en hombros y rodillas \u2014producto de colgamientos y golpizas brutales\u2014 se han agravado, o qu\u00e9 han hecho con la vida de mi hermano. Durante a\u00f1os se le han negado operaciones urgentes, y su deterioro ha sido progresivo. Hoy no sabemos en qu\u00e9 condiciones se encuentra. Ya vivimos una tragedia. Cuando mi padre, el general Ra\u00fal Isa\u00edas Baduel, muri\u00f3 bajo custodia del Estado, nos enteramos por redes sociales, no por los canales oficiales. No podemos permitir que esto se repita. Por todo esto, exigimos una fe de vida inmediata. El Estado venezolano es totalmente responsable de lo que ocurra con Josnars. Su silencio es una forma de tortura, no solo para \u00e9l, sino para toda nuestra familia. \u00a1Fe de vida ya! \u00a1Libertad para Josnars y para todos los presos pol\u00edticos!<\/em><br><strong>ET \/ Agencias<\/strong><\/p>\n","protected":false},"excerpt":{"rendered":"<p>ENTRE TORMENTAS. Tras las informaciones que han proliferado en las redes sociales sobre el fallecimiento&#8230;<\/p>\n","protected":false},"author":2,"featured_media":16508,"comment_status":"closed","ping_status":"open","sticky":false,"template":"","format":"standard","meta":{"footnotes":""},"categories":[56,49],"tags":[],"class_list":["post-16507","post","type-post","status-publish","format-standard","has-post-thumbnail","hentry","category-destacadas","category-nacionales"],"_links":{"self":[{"href":"https:\/\/entretormentas.com\/index.php?rest_route=\/wp\/v2\/posts\/16507","targetHints":{"allow":["GET"]}}],"collection":[{"href":"https:\/\/entretormentas.com\/index.php?rest_route=\/wp\/v2\/posts"}],"about":[{"href":"https:\/\/entretormentas.com\/index.php?rest_route=\/wp\/v2\/types\/post"}],"author":[{"embeddable":true,"href":"https:\/\/entretormentas.com\/index.php?rest_route=\/wp\/v2\/users\/2"}],"replies":[{"embeddable":true,"href":"https:\/\/entretormentas.com\/index.php?rest_route=%2Fwp%2Fv2%2Fcomments&post=16507"}],"version-history":[{"count":1,"href":"https:\/\/entretormentas.com\/index.php?rest_route=\/wp\/v2\/posts\/16507\/revisions"}],"predecessor-version":[{"id":16509,"href":"https:\/\/entretormentas.com\/index.php?rest_route=\/wp\/v2\/posts\/16507\/revisions\/16509"}],"wp:featuredmedia":[{"embeddable":true,"href":"https:\/\/entretormentas.com\/index.php?rest_route=\/wp\/v2\/media\/16508"}],"wp:attachment":[{"href":"https:\/\/entretormentas.com\/index.php?rest_route=%2Fwp%2Fv2%2Fmedia&parent=16507"}],"wp:term":[{"taxonomy":"category","embeddable":true,"href":"https:\/\/entretormentas.com\/index.php?rest_route=%2Fwp%2Fv2%2Fcategories&post=16507"},{"taxonomy":"post_tag","embeddable":true,"href":"https:\/\/entretormentas.com\/index.php?rest_route=%2Fwp%2Fv2%2Ftags&post=16507"}],"curies":[{"name":"wp","href":"https:\/\/api.w.org\/{rel}","templated":true}]}}