{"id":16513,"date":"2025-05-12T11:07:47","date_gmt":"2025-05-12T09:07:47","guid":{"rendered":"https:\/\/entretormentas.com\/?p=16513"},"modified":"2025-05-12T11:07:48","modified_gmt":"2025-05-12T09:07:48","slug":"tras-el-rezo-del-regina-coeli-el-papa-pide-alto-al-fuego-en-gaza-y-un-esfuerzo-para-una-paz-justa-en-ucrania","status":"publish","type":"post","link":"https:\/\/entretormentas.com\/tras-el-rezo-del-regina-coeli-el-papa-pide-alto-al-fuego-en-gaza-y-un-esfuerzo-para-una-paz-justa-en-ucrania\/","title":{"rendered":"\u00a1TRAS EL REZO DEL REGINA COELI! El Papa pide alto al fuego en Gaza y un esfuerzo para una paz justa en Ucrania"},"content":{"rendered":"\n<p><strong>ENTRE TORMENTAS. <\/strong>El papa Le\u00f3n XIV pidi\u00f3 hoy un alto el fuego \u00abinmediato\u00bb en la Franja de Gaza y abog\u00f3 porque se preste ayuda humanitaria a la \u00abagotada\u00bb poblaci\u00f3n.<\/p>\n\n\n\n<p>Tambi\u00e9n exigi\u00f3 la libertad para todos los rehenes israel\u00edes durante unas palabras desde el balc\u00f3n central de la Bas\u00edlica de San Pedro tras el rezo del Regina Coeli.<\/p>\n\n\n\n<p>\u00abMe duele profundamente lo que ocurre en la Franja de Gaza\u00bb, afirm\u00f3 el pont\u00edfice, quien exigi\u00f3 \u00abque cese inmediatamente el fuego\u00bb, se proporcione ayuda a la poblaci\u00f3n civil y sean liberados \u00abtodos\u00bb los rehenes, detalla EFE.<\/p>\n\n\n\n<p>El Supo Pont\u00edfice aludi\u00f3 a ese conflicto en Oriente Medio, as\u00ed como al existente entre Ucrania y Rusia y al que opone a India y Pakist\u00e1n, tras recordar que el 8 de mayo se cumplieron ochenta a\u00f1os del final de la Segunda Guerra Mundial, que caus\u00f3 \u2013 dijo \u2013 sesenta millones de v\u00edctimas.<\/p>\n\n\n\n<p>El sumo pont\u00edfice tambi\u00e9n pidi\u00f3 hoy el m\u00e1ximo esfuerzo posible para alcanzar una paz duradera y justa en Ucrania y dijo llevar en su coraz\u00f3n el \u00absufrimiento del pueblo ucraniano\u00bb.<\/p>\n\n\n\n<p>\u00abLlevo en mi coraz\u00f3n el sufrimiento del amado pueblo ucraniano\u00bb, dijo Le\u00f3n XIV, quien abog\u00f3 porque se haga todo lo posible para alcanzar \u00ablo m\u00e1s pronto posible\u00bb una paz \u00abaut\u00e9ntica, justa y duradera\u00bb.<\/p>\n\n\n\n<p>Adem\u00e1s, reclam\u00f3 que todos los prisioneros de esa guerra entre Rusia y Ucrania sean puestos en libertad y que los ni\u00f1os puedan volver a sus casas.<br><strong><em>ET \/ Agencias<\/em><\/strong><\/p>\n","protected":false},"excerpt":{"rendered":"<p>ENTRE TORMENTAS. El papa Le\u00f3n XIV pidi\u00f3 hoy un alto el fuego \u00abinmediato\u00bb en la&#8230;<\/p>\n","protected":false},"author":2,"featured_media":16514,"comment_status":"closed","ping_status":"open","sticky":false,"template":"","format":"standard","meta":{"footnotes":""},"categories":[56,48],"tags":[],"class_list":["post-16513","post","type-post","status-publish","format-standard","has-post-thumbnail","hentry","category-destacadas","category-internacionales"],"_links":{"self":[{"href":"https:\/\/entretormentas.com\/index.php?rest_route=\/wp\/v2\/posts\/16513","targetHints":{"allow":["GET"]}}],"collection":[{"href":"https:\/\/entretormentas.com\/index.php?rest_route=\/wp\/v2\/posts"}],"about":[{"href":"https:\/\/entretormentas.com\/index.php?rest_route=\/wp\/v2\/types\/post"}],"author":[{"embeddable":true,"href":"https:\/\/entretormentas.com\/index.php?rest_route=\/wp\/v2\/users\/2"}],"replies":[{"embeddable":true,"href":"https:\/\/entretormentas.com\/index.php?rest_route=%2Fwp%2Fv2%2Fcomments&post=16513"}],"version-history":[{"count":1,"href":"https:\/\/entretormentas.com\/index.php?rest_route=\/wp\/v2\/posts\/16513\/revisions"}],"predecessor-version":[{"id":16515,"href":"https:\/\/entretormentas.com\/index.php?rest_route=\/wp\/v2\/posts\/16513\/revisions\/16515"}],"wp:featuredmedia":[{"embeddable":true,"href":"https:\/\/entretormentas.com\/index.php?rest_route=\/wp\/v2\/media\/16514"}],"wp:attachment":[{"href":"https:\/\/entretormentas.com\/index.php?rest_route=%2Fwp%2Fv2%2Fmedia&parent=16513"}],"wp:term":[{"taxonomy":"category","embeddable":true,"href":"https:\/\/entretormentas.com\/index.php?rest_route=%2Fwp%2Fv2%2Fcategories&post=16513"},{"taxonomy":"post_tag","embeddable":true,"href":"https:\/\/entretormentas.com\/index.php?rest_route=%2Fwp%2Fv2%2Ftags&post=16513"}],"curies":[{"name":"wp","href":"https:\/\/api.w.org\/{rel}","templated":true}]}}