{"id":16534,"date":"2025-05-13T10:35:37","date_gmt":"2025-05-13T08:35:37","guid":{"rendered":"https:\/\/entretormentas.com\/?p=16534"},"modified":"2025-05-13T10:35:37","modified_gmt":"2025-05-13T08:35:37","slug":"candidato-a-la-gobernacion-ely-ramon-atencio-recorre-san-francisco-para-escuchar-y-atender-el-clamor-de-su-gente","status":"publish","type":"post","link":"https:\/\/entretormentas.com\/candidato-a-la-gobernacion-ely-ramon-atencio-recorre-san-francisco-para-escuchar-y-atender-el-clamor-de-su-gente\/","title":{"rendered":"\u00a1CANDIDATO A LA GOBERNACI\u00d3N! Ely Ram\u00f3n Atencio recorre San Francisco para escuchar y atender el clamor de su gente"},"content":{"rendered":"\n<p><strong>ENTRE TORMENTAS. <\/strong>El alcalde de Rosario de Perij\u00e1 y candidato a la Gobernaci\u00f3n del Zulia por Acci\u00f3n Democr\u00e1tica y otras organizaciones pol\u00edticas, Ely Ram\u00f3n Atencio, visit\u00f3 el municipio San Francisco, donde comparti\u00f3 con la comunidad y encabezo una jornada m\u00e9dico asistencial en congesti\u00f3n con comerciantes de la localidad, tambi\u00e9n hizo entrega de algunas ayudas para personas con discapacidad como andaderas, bastones, etc<\/p>\n\n\n\n<figure class=\"wp-block-image size-full\"><img fetchpriority=\"high\" decoding=\"async\" width=\"720\" height=\"396\" src=\"https:\/\/entretormentas.com\/wp-content\/uploads\/2025\/05\/erasf2.jpg\" alt=\"\" class=\"wp-image-16535\" srcset=\"https:\/\/entretormentas.com\/wp-content\/uploads\/2025\/05\/erasf2.jpg 720w, https:\/\/entretormentas.com\/wp-content\/uploads\/2025\/05\/erasf2-300x165.jpg 300w\" sizes=\"(max-width: 720px) 100vw, 720px\" \/><\/figure>\n\n\n\n<p>El candidato por el partido blanco y otras organizaciones pol\u00edticas aliadas, durante su visita mantuvo contacto directo con comerciantes y habitantes del municipio sure\u00f1o, especialmente en el Corredor Comercial 200 d\u00f3nde presento sus propuestas de gobierno, las cuales est\u00e1n basadas en cuatro l\u00edneas de acci\u00f3n, \u00abDesarrollo Econ\u00f3mico de la Regi\u00f3n, Participaci\u00f3n Ciudadana y el Desarrollo Social, Infraestructura, Servicios P\u00fablicos, \u00ables pido un voto de confianza para cambiarle el rostro al estado, somos la opci\u00f3n que une al Zulia\u00bb, manifest\u00f3.<br><strong><em>ET \/ Nota de Prensa<\/em><\/strong><\/p>\n","protected":false},"excerpt":{"rendered":"<p>ENTRE TORMENTAS. El alcalde de Rosario de Perij\u00e1 y candidato a la Gobernaci\u00f3n del Zulia&#8230;<\/p>\n","protected":false},"author":2,"featured_media":16536,"comment_status":"closed","ping_status":"open","sticky":false,"template":"","format":"standard","meta":{"footnotes":""},"categories":[57,1],"tags":[],"class_list":["post-16534","post","type-post","status-publish","format-standard","has-post-thumbnail","hentry","category-actualidad","category-regionales"],"_links":{"self":[{"href":"https:\/\/entretormentas.com\/index.php?rest_route=\/wp\/v2\/posts\/16534","targetHints":{"allow":["GET"]}}],"collection":[{"href":"https:\/\/entretormentas.com\/index.php?rest_route=\/wp\/v2\/posts"}],"about":[{"href":"https:\/\/entretormentas.com\/index.php?rest_route=\/wp\/v2\/types\/post"}],"author":[{"embeddable":true,"href":"https:\/\/entretormentas.com\/index.php?rest_route=\/wp\/v2\/users\/2"}],"replies":[{"embeddable":true,"href":"https:\/\/entretormentas.com\/index.php?rest_route=%2Fwp%2Fv2%2Fcomments&post=16534"}],"version-history":[{"count":1,"href":"https:\/\/entretormentas.com\/index.php?rest_route=\/wp\/v2\/posts\/16534\/revisions"}],"predecessor-version":[{"id":16537,"href":"https:\/\/entretormentas.com\/index.php?rest_route=\/wp\/v2\/posts\/16534\/revisions\/16537"}],"wp:featuredmedia":[{"embeddable":true,"href":"https:\/\/entretormentas.com\/index.php?rest_route=\/wp\/v2\/media\/16536"}],"wp:attachment":[{"href":"https:\/\/entretormentas.com\/index.php?rest_route=%2Fwp%2Fv2%2Fmedia&parent=16534"}],"wp:term":[{"taxonomy":"category","embeddable":true,"href":"https:\/\/entretormentas.com\/index.php?rest_route=%2Fwp%2Fv2%2Fcategories&post=16534"},{"taxonomy":"post_tag","embeddable":true,"href":"https:\/\/entretormentas.com\/index.php?rest_route=%2Fwp%2Fv2%2Ftags&post=16534"}],"curies":[{"name":"wp","href":"https:\/\/api.w.org\/{rel}","templated":true}]}}