{"id":16538,"date":"2025-05-13T10:40:05","date_gmt":"2025-05-13T08:40:05","guid":{"rendered":"https:\/\/entretormentas.com\/?p=16538"},"modified":"2025-05-13T10:40:05","modified_gmt":"2025-05-13T08:40:05","slug":"como-candidato-a-la-gobernacion-gente-independiente-de-cabimas-manifiesta-su-apoyo-a-luis-caldera","status":"publish","type":"post","link":"https:\/\/entretormentas.com\/como-candidato-a-la-gobernacion-gente-independiente-de-cabimas-manifiesta-su-apoyo-a-luis-caldera\/","title":{"rendered":"\u00a1COMO CANDIDATO A LA GOBERNACI\u00d3N! Gente Independiente de Cabimas manifiesta su apoyo a Luis Caldera"},"content":{"rendered":"\n<p><strong>ENTRE TORMENTAS.<\/strong> En la Parroquia Ambrosio del sector la 40 del municipio Cabimas, la organizaci\u00f3n pol\u00edtica \u00abGente Independiente\u00bb declar\u00f3 su respaldo y trabajo para que Luis Caldera sea el pr\u00f3ximo gobernador del Zulia en las elecciones del venidero 25 de mayo.<\/p>\n\n\n\n<p>Tulio D\u00edaz, miembro activo de la organizaci\u00f3n y luchador social, expres\u00f3 su apoyo contundente \u00abal amigo Luis Caldera para que sea el gobernador que el zulia necesita. El deporte en la regi\u00f3n necesita de alguien como Luis Caldera para el renacimiento del apoyo que todos los atletas del Zulia necesitan para su desarrollo y representaci\u00f3n del Zulia y del pa\u00eds en los diferentes deportes a nivel regional, nacional e internacional\u00bb, asegur\u00f3.<\/p>\n\n\n\n<figure class=\"wp-block-image size-full\"><img fetchpriority=\"high\" decoding=\"async\" width=\"225\" height=\"225\" src=\"https:\/\/entretormentas.com\/wp-content\/uploads\/2025\/05\/genteinde1.jpg\" alt=\"\" class=\"wp-image-16539\" srcset=\"https:\/\/entretormentas.com\/wp-content\/uploads\/2025\/05\/genteinde1.jpg 225w, https:\/\/entretormentas.com\/wp-content\/uploads\/2025\/05\/genteinde1-150x150.jpg 150w\" sizes=\"(max-width: 225px) 100vw, 225px\" \/><\/figure>\n\n\n\n<p>Por su parte, Ana Mar\u00eda Gelvis, participante de Gente independiente y vocera del sector mujeres, manifest\u00f3 que \u201ccomo vocera de las mujeres, as\u00ed como de nuestra entidad, estoy apoyando al candidato Luis Caldera para la gobernaci\u00f3n. Mi mensaje es a todas las mujeres del estado para que votemos por Luis Caldera como un gobernador necesario para el impulso y apoyo que necesitamos las mujeres para una igualdad de derechos y oportunidades en la sociedad y que con Luis Caldera, tendremos con toda seguridad su apoyo una vez asuma la gobernaci\u00f3n\u00bb, expres\u00f3.<br><strong><em>ET \/ Nota de Prensa<\/em><\/strong><\/p>\n\n\n\n<p><\/p>\n","protected":false},"excerpt":{"rendered":"<p>ENTRE TORMENTAS. En la Parroquia Ambrosio del sector la 40 del municipio Cabimas, la organizaci\u00f3n&#8230;<\/p>\n","protected":false},"author":2,"featured_media":16540,"comment_status":"closed","ping_status":"open","sticky":false,"template":"","format":"standard","meta":{"footnotes":""},"categories":[57,1],"tags":[],"class_list":["post-16538","post","type-post","status-publish","format-standard","has-post-thumbnail","hentry","category-actualidad","category-regionales"],"_links":{"self":[{"href":"https:\/\/entretormentas.com\/index.php?rest_route=\/wp\/v2\/posts\/16538","targetHints":{"allow":["GET"]}}],"collection":[{"href":"https:\/\/entretormentas.com\/index.php?rest_route=\/wp\/v2\/posts"}],"about":[{"href":"https:\/\/entretormentas.com\/index.php?rest_route=\/wp\/v2\/types\/post"}],"author":[{"embeddable":true,"href":"https:\/\/entretormentas.com\/index.php?rest_route=\/wp\/v2\/users\/2"}],"replies":[{"embeddable":true,"href":"https:\/\/entretormentas.com\/index.php?rest_route=%2Fwp%2Fv2%2Fcomments&post=16538"}],"version-history":[{"count":1,"href":"https:\/\/entretormentas.com\/index.php?rest_route=\/wp\/v2\/posts\/16538\/revisions"}],"predecessor-version":[{"id":16541,"href":"https:\/\/entretormentas.com\/index.php?rest_route=\/wp\/v2\/posts\/16538\/revisions\/16541"}],"wp:featuredmedia":[{"embeddable":true,"href":"https:\/\/entretormentas.com\/index.php?rest_route=\/wp\/v2\/media\/16540"}],"wp:attachment":[{"href":"https:\/\/entretormentas.com\/index.php?rest_route=%2Fwp%2Fv2%2Fmedia&parent=16538"}],"wp:term":[{"taxonomy":"category","embeddable":true,"href":"https:\/\/entretormentas.com\/index.php?rest_route=%2Fwp%2Fv2%2Fcategories&post=16538"},{"taxonomy":"post_tag","embeddable":true,"href":"https:\/\/entretormentas.com\/index.php?rest_route=%2Fwp%2Fv2%2Ftags&post=16538"}],"curies":[{"name":"wp","href":"https:\/\/api.w.org\/{rel}","templated":true}]}}