{"id":16571,"date":"2025-05-14T00:06:00","date_gmt":"2025-05-13T22:06:00","guid":{"rendered":"https:\/\/entretormentas.com\/?p=16571"},"modified":"2025-05-14T00:06:01","modified_gmt":"2025-05-13T22:06:01","slug":"en-apoyo-total-a-rosales-se-instala-voluntariado-unidos-por-el-zulia-en-san-francisco","status":"publish","type":"post","link":"https:\/\/entretormentas.com\/en-apoyo-total-a-rosales-se-instala-voluntariado-unidos-por-el-zulia-en-san-francisco\/","title":{"rendered":"\u00a1EN APOYO TOTAL A ROSALES! Se instala voluntariado Unidos por el Zulia en San Francisco"},"content":{"rendered":"\n<p><br>\u200e<strong>ENTRE TORMENTAS. <\/strong>\u200eCon la convicci\u00f3n de continuar sumando apoyos en todos los rincones del estado y seguir construyendo la contundente victoria que obtendr\u00e1 Manuel Rosales Guerrero, este pr\u00f3ximo 25 de mayo, el voluntariado \u00abUnidos por el Zulia\u00bb, se instal\u00f3 en el municipio San Francisco, donde representantes de toldas pol\u00edticas, gremios, sindicatos, l\u00edderes sociales y\u00a0 ciudadan\u00eda en general le brindaron un apoyo rotundo a la reelecci\u00f3n del actual gobernador y m\u00e1ximo l\u00edder de todos los zulianos.<br>\u200e<br>\u200eDesde la sede del partido pol\u00edtico Un Nuevo Tiempo en el municipio sure\u00f1o, se realiz\u00f3 este martes 13 de mayo, el encuentro ante los medios de comunicaci\u00f3n, el cual estuvo encabezado por Ezio Angelini, coordinador general de este voluntariado; Benito Quintero, coordinador en San Francisco; y Gustavo Fern\u00e1ndez,\u00a0dirigente de UNT y responsable municipal de dicha organizaci\u00f3n.<br>\u200e<\/p>\n\n\n\n<figure class=\"wp-block-image size-full\"><img fetchpriority=\"high\" decoding=\"async\" width=\"720\" height=\"475\" src=\"https:\/\/entretormentas.com\/wp-content\/uploads\/2025\/05\/volunsf2.jpg\" alt=\"\" class=\"wp-image-16572\" srcset=\"https:\/\/entretormentas.com\/wp-content\/uploads\/2025\/05\/volunsf2.jpg 720w, https:\/\/entretormentas.com\/wp-content\/uploads\/2025\/05\/volunsf2-300x198.jpg 300w\" sizes=\"(max-width: 720px) 100vw, 720px\" \/><\/figure>\n\n\n\n<p><br>\u200eAngelini, en su intervenci\u00f3n, expres\u00f3 su entusiasmo y satisfacci\u00f3n por el crecimiento y fortalecimiento que d\u00eda a d\u00eda adquiere la candidatura de Manuel Rosales\u00a0en toda la geograf\u00eda zuliana y el gran respaldo y aceptaci\u00f3n con la que cuenta Manuel Rosales en el municipio San Francisco.<br>\u200e<br>\u200e\u00bbRecordemos el pasado, no podemos volver al infierno que ten\u00edamos antes, ahora m\u00e1s que nunca tenemos muchas razones para salir a votar, recordando que este 25 de mayo no borrar\u00e1 el 28 de julio, al contrario enaltecer\u00e1 y ratificar\u00e1 la enorme mayor\u00eda que somos y que queremos progresar y avanzar de la mano de Manuel Rosales\u00bb, expres\u00f3 Angelini.<br>\u200e<br>\u200eAdem\u00e1s, Benito Quintero , coordinador del voluntariado en San Francisco, agradeci\u00f3 y dio la bienvenida a todas las voluntades asistentes que brindaron su apoyo y compromiso de recuperar el municipio y el estado, asumiendo el rol motivacional, educando y ense\u00f1ando como votar por el bienestar del Zulia este pr\u00f3ximo 25 de mayo.<\/p>\n\n\n\n<figure class=\"wp-block-image size-full\"><img decoding=\"async\" width=\"683\" height=\"466\" src=\"https:\/\/entretormentas.com\/wp-content\/uploads\/2025\/05\/volunsf3.jpg\" alt=\"\" class=\"wp-image-16573\" srcset=\"https:\/\/entretormentas.com\/wp-content\/uploads\/2025\/05\/volunsf3.jpg 683w, https:\/\/entretormentas.com\/wp-content\/uploads\/2025\/05\/volunsf3-300x205.jpg 300w\" sizes=\"(max-width: 683px) 100vw, 683px\" \/><\/figure>\n\n\n\n<p><br>\u200e<br>\u200ePor su parte, Gustavo Fern\u00e1ndez, indic\u00f3 que en San Francisco se est\u00e1 derrotando la abstenci\u00f3n, lo cual es producto del trabajo que se viene realizando con la suma de voluntades y organizaciones que han dado un paso al frente para apoyar al mejor gobernador que ha pasado por el Zulia como lo es Manuel Rosales Guerrero.<br>\u200e<br>\u200e\u00bbEsto es una lucha de todos los zulianos, tenemos que garantizar que la esperanza, la luz y el progreso se mantengan en el Zulia, aplaudimos de pie esta iniciativa de quienes se unen a diario al rescate y a la reconstrucci\u00f3n de este estado con la continuidad de la exitosa gesti\u00f3n de Manuel Rosales Guerrero\u00bb, dijo Fern\u00e1ndez.<br><strong><em>ET \/ Nota de Prensa<\/em><\/strong><\/p>\n","protected":false},"excerpt":{"rendered":"<p>\u200eENTRE TORMENTAS. \u200eCon la convicci\u00f3n de continuar sumando apoyos en todos los rincones del estado&#8230;<\/p>\n","protected":false},"author":2,"featured_media":16574,"comment_status":"closed","ping_status":"open","sticky":false,"template":"","format":"standard","meta":{"footnotes":""},"categories":[57,1],"tags":[],"class_list":["post-16571","post","type-post","status-publish","format-standard","has-post-thumbnail","hentry","category-actualidad","category-regionales"],"_links":{"self":[{"href":"https:\/\/entretormentas.com\/index.php?rest_route=\/wp\/v2\/posts\/16571","targetHints":{"allow":["GET"]}}],"collection":[{"href":"https:\/\/entretormentas.com\/index.php?rest_route=\/wp\/v2\/posts"}],"about":[{"href":"https:\/\/entretormentas.com\/index.php?rest_route=\/wp\/v2\/types\/post"}],"author":[{"embeddable":true,"href":"https:\/\/entretormentas.com\/index.php?rest_route=\/wp\/v2\/users\/2"}],"replies":[{"embeddable":true,"href":"https:\/\/entretormentas.com\/index.php?rest_route=%2Fwp%2Fv2%2Fcomments&post=16571"}],"version-history":[{"count":1,"href":"https:\/\/entretormentas.com\/index.php?rest_route=\/wp\/v2\/posts\/16571\/revisions"}],"predecessor-version":[{"id":16575,"href":"https:\/\/entretormentas.com\/index.php?rest_route=\/wp\/v2\/posts\/16571\/revisions\/16575"}],"wp:featuredmedia":[{"embeddable":true,"href":"https:\/\/entretormentas.com\/index.php?rest_route=\/wp\/v2\/media\/16574"}],"wp:attachment":[{"href":"https:\/\/entretormentas.com\/index.php?rest_route=%2Fwp%2Fv2%2Fmedia&parent=16571"}],"wp:term":[{"taxonomy":"category","embeddable":true,"href":"https:\/\/entretormentas.com\/index.php?rest_route=%2Fwp%2Fv2%2Fcategories&post=16571"},{"taxonomy":"post_tag","embeddable":true,"href":"https:\/\/entretormentas.com\/index.php?rest_route=%2Fwp%2Fv2%2Ftags&post=16571"}],"curies":[{"name":"wp","href":"https:\/\/api.w.org\/{rel}","templated":true}]}}