{"id":16585,"date":"2025-05-14T10:32:18","date_gmt":"2025-05-14T08:32:18","guid":{"rendered":"https:\/\/entretormentas.com\/?p=16585"},"modified":"2025-05-14T10:32:19","modified_gmt":"2025-05-14T08:32:19","slug":"por-decreto-municipal-alcalde-gustavo-fernandez-entrega-instalaciones-de-makro-a-sus-legitimos-propietarios","status":"publish","type":"post","link":"https:\/\/entretormentas.com\/por-decreto-municipal-alcalde-gustavo-fernandez-entrega-instalaciones-de-makro-a-sus-legitimos-propietarios\/","title":{"rendered":"\u00a1POR DECRETO MUNICIPAL! Alcalde Gustavo Fern\u00e1ndez entrega instalaciones de Makro a sus leg\u00edtimos propietarios"},"content":{"rendered":"\n<p><strong>ENTRE TORMENTAS.<\/strong> En cumplimiento de todos los procedimientos establecidos por la ley, las instalaciones de Makro Comercializadora C.A, ubicada en la avenida 50 o v\u00eda a Perij\u00e1, en la jurisdicci\u00f3n del municipio San Francisco, regresan a manos de sus propietarios, gracias a la disposici\u00f3n del alcalde Gustavo Fern\u00e1ndez, haciendo honor a su intenci\u00f3n del respeto a la propiedad privada.<\/p>\n\n\n\n<p>En el acto de entrega en la misma sede de Makro v\u00eda a Perij\u00e1, el alcalde Fern\u00e1ndez M\u00e9ndez record\u00f3 que \u201c\u00e9sta es una marca que ha sido sin\u00f3nimo de \u00e9xito en todo el territorio venezolano, pero que en el mes de junio del a\u00f1o 2020, fue expropiada por quienes entonces reg\u00edan los destinos del municipio San Francisco\u201d, al explicar que, apegados a la ley, \u201cle es devuelto a sus propietarios este establecimiento; que de seguro, con una inversi\u00f3n, estar\u00e1 de nuevo al servicio de los ciudadanos\u201d.<\/p>\n\n\n\n<figure class=\"wp-block-image size-large\"><img fetchpriority=\"high\" decoding=\"async\" width=\"1024\" height=\"768\" src=\"https:\/\/entretormentas.com\/wp-content\/uploads\/2025\/05\/makro2-1024x768.jpg\" alt=\"\" class=\"wp-image-16586\" srcset=\"https:\/\/entretormentas.com\/wp-content\/uploads\/2025\/05\/makro2-1024x768.jpg 1024w, https:\/\/entretormentas.com\/wp-content\/uploads\/2025\/05\/makro2-300x225.jpg 300w, https:\/\/entretormentas.com\/wp-content\/uploads\/2025\/05\/makro2-768x576.jpg 768w, https:\/\/entretormentas.com\/wp-content\/uploads\/2025\/05\/makro2.jpg 1280w\" sizes=\"(max-width: 1024px) 100vw, 1024px\" \/><\/figure>\n\n\n\n<p>Durante muchos a\u00f1os este establecimiento comercial, sirvi\u00f3 como proveedor de cientos de familias, que acud\u00edan para surtir la despensa de sus hogares, al mayor y al detal, por la variedad de productos de calidad y ofertas que se exhib\u00edan en sus anaqueles.<\/p>\n\n\n\n<p>En el procedimiento y acto de entrega particip\u00f3 el equipo jur\u00eddico del ayuntamiento sure\u00f1o, entre ellos, Rob\u00edn Rodr\u00edguez, Kendrina Torres; tambi\u00e9n Aida Kadhi, gerente de Desarrollo Econ\u00f3mico, la intendente tributaria, Siolimar Mar\u00edn de Fuenmayor, y la presidente de Geom\u00e1tica Yoalis Gonz\u00e1lez y por supuesto los representantes legales de Makro Comercializadora C.A : Carla Cristina Tangredi y Adrian Federico Dimecco.<\/p>\n\n\n\n<figure class=\"wp-block-image size-large\"><img decoding=\"async\" width=\"1024\" height=\"768\" src=\"https:\/\/entretormentas.com\/wp-content\/uploads\/2025\/05\/makro3-1024x768.jpg\" alt=\"\" class=\"wp-image-16587\" srcset=\"https:\/\/entretormentas.com\/wp-content\/uploads\/2025\/05\/makro3-1024x768.jpg 1024w, https:\/\/entretormentas.com\/wp-content\/uploads\/2025\/05\/makro3-300x225.jpg 300w, https:\/\/entretormentas.com\/wp-content\/uploads\/2025\/05\/makro3-768x576.jpg 768w, https:\/\/entretormentas.com\/wp-content\/uploads\/2025\/05\/makro3.jpg 1280w\" sizes=\"(max-width: 1024px) 100vw, 1024px\" \/><\/figure>\n\n\n\n<p>En la entrega formal del decreto, la primera autoridad civil del municipio San Francisco afirm\u00f3 que con la entrega formal de este importante bien se estimula el crecimiento econ\u00f3mico del municipio. \u201cPara que con todas las de la Ley, asuman el control, como siempre debi\u00f3 haber sido. Esto es parte de la historia triste que vivi\u00f3 este municipio y estado\u201d. Asegurando que \u201clos momentos oscuros de San Francisco,quedaron en el pasado y le damos la entrada a la luz, la esperanza, la prosperidad y al desarrollo\u201d.<\/p>\n\n\n\n<p>\u201cNunca debi\u00f3 haber dejado de ser de ustedes\u201d, manifest\u00f3 al invitar a los representantes y propietarios de esta<br>empresa a \u201creconstruir a Makro, como estamos reconstruyendo al estado y al municipio\u201d, concluyendo que \u201cresarciendo los da\u00f1os causados por otros, estamos construyendo el San Francisco que todos necesitamos y el Zulia que todos queremos\u201d.<br><strong><em>ET \/ Alcald\u00eda de San Francisco<\/em><\/strong><\/p>\n","protected":false},"excerpt":{"rendered":"<p>ENTRE TORMENTAS. En cumplimiento de todos los procedimientos establecidos por la ley, las instalaciones de&#8230;<\/p>\n","protected":false},"author":2,"featured_media":16588,"comment_status":"closed","ping_status":"open","sticky":false,"template":"","format":"standard","meta":{"footnotes":""},"categories":[57,1],"tags":[],"class_list":["post-16585","post","type-post","status-publish","format-standard","has-post-thumbnail","hentry","category-actualidad","category-regionales"],"_links":{"self":[{"href":"https:\/\/entretormentas.com\/index.php?rest_route=\/wp\/v2\/posts\/16585","targetHints":{"allow":["GET"]}}],"collection":[{"href":"https:\/\/entretormentas.com\/index.php?rest_route=\/wp\/v2\/posts"}],"about":[{"href":"https:\/\/entretormentas.com\/index.php?rest_route=\/wp\/v2\/types\/post"}],"author":[{"embeddable":true,"href":"https:\/\/entretormentas.com\/index.php?rest_route=\/wp\/v2\/users\/2"}],"replies":[{"embeddable":true,"href":"https:\/\/entretormentas.com\/index.php?rest_route=%2Fwp%2Fv2%2Fcomments&post=16585"}],"version-history":[{"count":1,"href":"https:\/\/entretormentas.com\/index.php?rest_route=\/wp\/v2\/posts\/16585\/revisions"}],"predecessor-version":[{"id":16589,"href":"https:\/\/entretormentas.com\/index.php?rest_route=\/wp\/v2\/posts\/16585\/revisions\/16589"}],"wp:featuredmedia":[{"embeddable":true,"href":"https:\/\/entretormentas.com\/index.php?rest_route=\/wp\/v2\/media\/16588"}],"wp:attachment":[{"href":"https:\/\/entretormentas.com\/index.php?rest_route=%2Fwp%2Fv2%2Fmedia&parent=16585"}],"wp:term":[{"taxonomy":"category","embeddable":true,"href":"https:\/\/entretormentas.com\/index.php?rest_route=%2Fwp%2Fv2%2Fcategories&post=16585"},{"taxonomy":"post_tag","embeddable":true,"href":"https:\/\/entretormentas.com\/index.php?rest_route=%2Fwp%2Fv2%2Ftags&post=16585"}],"curies":[{"name":"wp","href":"https:\/\/api.w.org\/{rel}","templated":true}]}}