{"id":16590,"date":"2025-05-14T10:36:00","date_gmt":"2025-05-14T08:36:00","guid":{"rendered":"https:\/\/entretormentas.com\/?p=16590"},"modified":"2025-05-14T10:36:01","modified_gmt":"2025-05-14T08:36:01","slug":"en-visperas-del-dia-de-la-virgen-de-fatima-candidato-a-la-gobernacion-ely-ramon-atencio-acompana-a-habitantes-de-villa-vieja","status":"publish","type":"post","link":"https:\/\/entretormentas.com\/en-visperas-del-dia-de-la-virgen-de-fatima-candidato-a-la-gobernacion-ely-ramon-atencio-acompana-a-habitantes-de-villa-vieja\/","title":{"rendered":"\u00a1EN V\u00cdSPERAS DEL D\u00cdA DE LA VIRGEN DE F\u00c1TIMA! Candidato a la Gobernaci\u00f3n, Ely Ram\u00f3n Atencio, acompa\u00f1a a habitantes de Villa Vieja"},"content":{"rendered":"\n<p><strong>ENTRE TORMENTAS. <\/strong>Ely Ram\u00f3n Atencio felicit\u00f3 a la comunidad de Villa Vieja por celebrar sus fiestas y el d\u00eda de su patrona la Virgen de F\u00e1tima el 13 de Mayo, y el inicio de la celebraci\u00f3n de la XIII feria expocomercial Ganaderas de Villa Vieja en la parroquia Sixto Zambrano del municipio Rosario de Perij\u00e1, que se llevar\u00e1 a cabo desde el jueves 15 hasta el domingo 18 de mayo.<\/p>\n\n\n\n<figure class=\"wp-block-image size-full\"><img fetchpriority=\"high\" decoding=\"async\" width=\"720\" height=\"410\" src=\"https:\/\/entretormentas.com\/wp-content\/uploads\/2025\/05\/virgen2.jpg\" alt=\"\" class=\"wp-image-16591\" srcset=\"https:\/\/entretormentas.com\/wp-content\/uploads\/2025\/05\/virgen2.jpg 720w, https:\/\/entretormentas.com\/wp-content\/uploads\/2025\/05\/virgen2-300x171.jpg 300w\" sizes=\"(max-width: 720px) 100vw, 720px\" \/><\/figure>\n\n\n\n<p>El tambi\u00e9n alcalde del municipio Rosario de Perij\u00e1, aprovecho la oportunidad para pedirle a los habitantes el apoyo como candidato a la gobernaci\u00f3n del estado Zulia en los pr\u00f3ximos comicios electorales el 25 de mayo en los cuales se elegiran a Gobernadores, diputados a la Asamblea Nacional, y legisladores, \u00abpara poder seguir desarrollando est\u00e1s actividades tan importante para la sociedad como lo son las actividades culturales, deportivas, el<br>Desarrollo agroeconomico\u00bb, manifest\u00f3<\/p>\n\n\n\n<figure class=\"wp-block-image size-large\"><img decoding=\"async\" width=\"1024\" height=\"576\" src=\"https:\/\/entretormentas.com\/wp-content\/uploads\/2025\/05\/virgen3-1024x576.jpg\" alt=\"\" class=\"wp-image-16592\" srcset=\"https:\/\/entretormentas.com\/wp-content\/uploads\/2025\/05\/virgen3-1024x576.jpg 1024w, https:\/\/entretormentas.com\/wp-content\/uploads\/2025\/05\/virgen3-300x169.jpg 300w, https:\/\/entretormentas.com\/wp-content\/uploads\/2025\/05\/virgen3-768x432.jpg 768w, https:\/\/entretormentas.com\/wp-content\/uploads\/2025\/05\/virgen3.jpg 1080w\" sizes=\"(max-width: 1024px) 100vw, 1024px\" \/><\/figure>\n\n\n\n<p>As\u00ed mismo, invit\u00f3 a todas las madres Rosarenses a participar en el agasaj\u00f3 en honor al D\u00eda de las Madres en las tres parroquias del municipio Rosario de Perij\u00e1, \u00abiniciando por San Ignacio est\u00e9 mi\u00e9rcoles 14, el jueves 15 en la comunidad de Barranquitas y el s\u00e1bado 17 de mayo en la parroquia El Rosario donde se estar\u00e1n sorteando artefactos el\u00e9ctricos, neveras, cocinas y otros art\u00edculos de l\u00ednea blanca, lo mejor para las madre\u00bb, dijo.<br><strong><em>ET \/ Nota de Prensa<\/em><\/strong><\/p>\n","protected":false},"excerpt":{"rendered":"<p>ENTRE TORMENTAS. Ely Ram\u00f3n Atencio felicit\u00f3 a la comunidad de Villa Vieja por celebrar sus&#8230;<\/p>\n","protected":false},"author":2,"featured_media":16593,"comment_status":"closed","ping_status":"open","sticky":false,"template":"","format":"standard","meta":{"footnotes":""},"categories":[57,1],"tags":[],"class_list":["post-16590","post","type-post","status-publish","format-standard","has-post-thumbnail","hentry","category-actualidad","category-regionales"],"_links":{"self":[{"href":"https:\/\/entretormentas.com\/index.php?rest_route=\/wp\/v2\/posts\/16590","targetHints":{"allow":["GET"]}}],"collection":[{"href":"https:\/\/entretormentas.com\/index.php?rest_route=\/wp\/v2\/posts"}],"about":[{"href":"https:\/\/entretormentas.com\/index.php?rest_route=\/wp\/v2\/types\/post"}],"author":[{"embeddable":true,"href":"https:\/\/entretormentas.com\/index.php?rest_route=\/wp\/v2\/users\/2"}],"replies":[{"embeddable":true,"href":"https:\/\/entretormentas.com\/index.php?rest_route=%2Fwp%2Fv2%2Fcomments&post=16590"}],"version-history":[{"count":1,"href":"https:\/\/entretormentas.com\/index.php?rest_route=\/wp\/v2\/posts\/16590\/revisions"}],"predecessor-version":[{"id":16594,"href":"https:\/\/entretormentas.com\/index.php?rest_route=\/wp\/v2\/posts\/16590\/revisions\/16594"}],"wp:featuredmedia":[{"embeddable":true,"href":"https:\/\/entretormentas.com\/index.php?rest_route=\/wp\/v2\/media\/16593"}],"wp:attachment":[{"href":"https:\/\/entretormentas.com\/index.php?rest_route=%2Fwp%2Fv2%2Fmedia&parent=16590"}],"wp:term":[{"taxonomy":"category","embeddable":true,"href":"https:\/\/entretormentas.com\/index.php?rest_route=%2Fwp%2Fv2%2Fcategories&post=16590"},{"taxonomy":"post_tag","embeddable":true,"href":"https:\/\/entretormentas.com\/index.php?rest_route=%2Fwp%2Fv2%2Ftags&post=16590"}],"curies":[{"name":"wp","href":"https:\/\/api.w.org\/{rel}","templated":true}]}}