{"id":16633,"date":"2025-05-15T10:29:35","date_gmt":"2025-05-15T08:29:35","guid":{"rendered":"https:\/\/entretormentas.com\/?p=16633"},"modified":"2025-05-15T10:29:35","modified_gmt":"2025-05-15T08:29:35","slug":"en-caracas-ely-ramon-atencio-es-juramentado-como-miembro-del-cen-de-ad","status":"publish","type":"post","link":"https:\/\/entretormentas.com\/en-caracas-ely-ramon-atencio-es-juramentado-como-miembro-del-cen-de-ad\/","title":{"rendered":"\u00a1EN CARACAS! Ely Ram\u00f3n Atencio es juramentado como miembro del CEN de AD"},"content":{"rendered":"\n<p><strong>ENTRE TORMENTAS.<\/strong> El candidato a la Gobernaci\u00f3n del Zulia y alcalde del municipio Rosario de Perij\u00e1, Ely Ram\u00f3n Atencio fue juramentado como miembro del Comit\u00e9 Ejecutivo Nacional de Acci\u00f3n Democracia (CEN-AD), como vicepresidente de la organizaci\u00f3n.<\/p>\n\n\n\n<p>Atencio estuvo acompa\u00f1ado de los alcaldes Nidia Guti\u00e9rrez de la Ca\u00f1ada de Urdaneta y Alenis Guerrero de Santa Rita.<\/p>\n\n\n\n<p>Desde la ciudad de Caracas, el secretario Nacional de AD Bernab\u00e9 Guti\u00e9rrez, resalt\u00f3 las cualidades de Ely Ram\u00f3n Atencio como hombre, gobernante y militante del partido.<br><strong><em>ET \/ Nota de Prensa<\/em><\/strong><\/p>\n","protected":false},"excerpt":{"rendered":"<p>ENTRE TORMENTAS. El candidato a la Gobernaci\u00f3n del Zulia y alcalde del municipio Rosario de&#8230;<\/p>\n","protected":false},"author":2,"featured_media":16634,"comment_status":"closed","ping_status":"open","sticky":false,"template":"","format":"standard","meta":{"footnotes":""},"categories":[57,1],"tags":[],"class_list":["post-16633","post","type-post","status-publish","format-standard","has-post-thumbnail","hentry","category-actualidad","category-regionales"],"_links":{"self":[{"href":"https:\/\/entretormentas.com\/index.php?rest_route=\/wp\/v2\/posts\/16633","targetHints":{"allow":["GET"]}}],"collection":[{"href":"https:\/\/entretormentas.com\/index.php?rest_route=\/wp\/v2\/posts"}],"about":[{"href":"https:\/\/entretormentas.com\/index.php?rest_route=\/wp\/v2\/types\/post"}],"author":[{"embeddable":true,"href":"https:\/\/entretormentas.com\/index.php?rest_route=\/wp\/v2\/users\/2"}],"replies":[{"embeddable":true,"href":"https:\/\/entretormentas.com\/index.php?rest_route=%2Fwp%2Fv2%2Fcomments&post=16633"}],"version-history":[{"count":1,"href":"https:\/\/entretormentas.com\/index.php?rest_route=\/wp\/v2\/posts\/16633\/revisions"}],"predecessor-version":[{"id":16635,"href":"https:\/\/entretormentas.com\/index.php?rest_route=\/wp\/v2\/posts\/16633\/revisions\/16635"}],"wp:featuredmedia":[{"embeddable":true,"href":"https:\/\/entretormentas.com\/index.php?rest_route=\/wp\/v2\/media\/16634"}],"wp:attachment":[{"href":"https:\/\/entretormentas.com\/index.php?rest_route=%2Fwp%2Fv2%2Fmedia&parent=16633"}],"wp:term":[{"taxonomy":"category","embeddable":true,"href":"https:\/\/entretormentas.com\/index.php?rest_route=%2Fwp%2Fv2%2Fcategories&post=16633"},{"taxonomy":"post_tag","embeddable":true,"href":"https:\/\/entretormentas.com\/index.php?rest_route=%2Fwp%2Fv2%2Ftags&post=16633"}],"curies":[{"name":"wp","href":"https:\/\/api.w.org\/{rel}","templated":true}]}}