{"id":16639,"date":"2025-05-15T10:34:24","date_gmt":"2025-05-15T08:34:24","guid":{"rendered":"https:\/\/entretormentas.com\/?p=16639"},"modified":"2025-05-15T10:34:25","modified_gmt":"2025-05-15T08:34:25","slug":"con-el-retorno-de-maykelis-luis-caldera-celebra-el-triunfo-de-la-diplomacia-bolivariana","status":"publish","type":"post","link":"https:\/\/entretormentas.com\/con-el-retorno-de-maykelis-luis-caldera-celebra-el-triunfo-de-la-diplomacia-bolivariana\/","title":{"rendered":"\u00a1CON EL RETORNO DE MAYKELIS!! Luis Caldera celebra el triunfo de la diplomacia Bolivariana"},"content":{"rendered":"\n<p><strong>ENTRE TORMENTAS. <\/strong>El candidato a la Gobernaci\u00f3n del Zulia, Luis Caldera, celebr\u00f3 el triunfo de la paz y la diplomacia Bolivariana con el rescate de la ni\u00f1a Maykelis Espinoza, separada de su madre por el gobierno estadounidense de Donald Trump, quien mantiene pol\u00edticas antimigratorias, que han afectado sobre todo a los venezolanos, a los cuales se\u00f1ala de pertenecer a mafias delictivas, sin que existan juicios en tribunales de justicias norteamericanos.<\/p>\n\n\n\n<p>Luego del retorno de la ni\u00f1a, hija de padres oriundos del municipio Mara, localidad donde Caldera ejerci\u00f3 20 a\u00f1os como alcalde Bolivariano, el candidato del Gran Polo Patri\u00f3tico Sim\u00f3n Bolivar (GPPSB), agradeci\u00f3 al presidente Nicol\u00e1s Maduro, a la primera dama de la Rep\u00fablica, Cilia Flores, por todos los esfuerzos del Gobierno venezolano y, destac\u00f3 que el retorno de Maykelis es la victoria de Venezuela, de la diplomacia y, sobre todo, la del amor.<\/p>\n\n\n\n<p>\u00abCompartimos la alegr\u00eda de la Patria de Bol\u00edvar por el retorno de Maykelis, una hija del Zulia, del municipio Mara. Triunf\u00f3 el amor, la diplomacia Bolivariana, triunf\u00f3 la paz\u00bb, manifest\u00f3 Caldera.<\/p>\n\n\n\n<p>Aseguro que, as\u00ed como retorn\u00f3 a su Patria Maykelis, gracias al gobierno Bolivariano, \u00abvan a regresar todos los venezolanos que han sido secuestrados, vilipendiados, porque la fuerza de la venezolanidad es mayor que cualquier fuerza extranjera\u00bb, sentenci\u00f3.<br><strong><em>ET \/ Prensa PSUV Zulia<\/em><\/strong><\/p>\n","protected":false},"excerpt":{"rendered":"<p>ENTRE TORMENTAS. El candidato a la Gobernaci\u00f3n del Zulia, Luis Caldera, celebr\u00f3 el triunfo de&#8230;<\/p>\n","protected":false},"author":2,"featured_media":16640,"comment_status":"closed","ping_status":"open","sticky":false,"template":"","format":"standard","meta":{"footnotes":""},"categories":[57,1],"tags":[],"class_list":["post-16639","post","type-post","status-publish","format-standard","has-post-thumbnail","hentry","category-actualidad","category-regionales"],"_links":{"self":[{"href":"https:\/\/entretormentas.com\/index.php?rest_route=\/wp\/v2\/posts\/16639","targetHints":{"allow":["GET"]}}],"collection":[{"href":"https:\/\/entretormentas.com\/index.php?rest_route=\/wp\/v2\/posts"}],"about":[{"href":"https:\/\/entretormentas.com\/index.php?rest_route=\/wp\/v2\/types\/post"}],"author":[{"embeddable":true,"href":"https:\/\/entretormentas.com\/index.php?rest_route=\/wp\/v2\/users\/2"}],"replies":[{"embeddable":true,"href":"https:\/\/entretormentas.com\/index.php?rest_route=%2Fwp%2Fv2%2Fcomments&post=16639"}],"version-history":[{"count":1,"href":"https:\/\/entretormentas.com\/index.php?rest_route=\/wp\/v2\/posts\/16639\/revisions"}],"predecessor-version":[{"id":16641,"href":"https:\/\/entretormentas.com\/index.php?rest_route=\/wp\/v2\/posts\/16639\/revisions\/16641"}],"wp:featuredmedia":[{"embeddable":true,"href":"https:\/\/entretormentas.com\/index.php?rest_route=\/wp\/v2\/media\/16640"}],"wp:attachment":[{"href":"https:\/\/entretormentas.com\/index.php?rest_route=%2Fwp%2Fv2%2Fmedia&parent=16639"}],"wp:term":[{"taxonomy":"category","embeddable":true,"href":"https:\/\/entretormentas.com\/index.php?rest_route=%2Fwp%2Fv2%2Fcategories&post=16639"},{"taxonomy":"post_tag","embeddable":true,"href":"https:\/\/entretormentas.com\/index.php?rest_route=%2Fwp%2Fv2%2Ftags&post=16639"}],"curies":[{"name":"wp","href":"https:\/\/api.w.org\/{rel}","templated":true}]}}