{"id":16660,"date":"2025-05-15T10:51:03","date_gmt":"2025-05-15T08:51:03","guid":{"rendered":"https:\/\/entretormentas.com\/?p=16660"},"modified":"2025-05-15T10:51:03","modified_gmt":"2025-05-15T08:51:03","slug":"amnistia-internacional-denuncian-violaciones-de-ddhh-contra-inmigrantes-detenidos-en-eeuu","status":"publish","type":"post","link":"https:\/\/entretormentas.com\/amnistia-internacional-denuncian-violaciones-de-ddhh-contra-inmigrantes-detenidos-en-eeuu\/","title":{"rendered":"\u00a1AMNIST\u00cdA INTERNACIONAL! Denuncian violaciones de DDHH contra inmigrantes detenidos en EEUU"},"content":{"rendered":"\n<p><strong>ENTRE TORMENTAS. <\/strong>Amnist\u00eda Internacional (AI) denunci\u00f3 este mi\u00e9rcoles \u00abgraves violaciones de derechos humanos contra las personas inmigrantes\u00bb detenidas en el Centro de Procesamiento del Servicio de El Paso (EPSPC), en Texas, ahora que una de las prioridades del Gobierno de EEUU son las deportaciones masivas, rese\u00f1a EFE.<\/p>\n\n\n\n<p>AI detalla estos puntos en el documento \u2018Deshumanizados por dise\u00f1o: Violaciones de derechos humanos en El Paso\u2019, que se realiz\u00f3 tras una visita de investigaci\u00f3n a El Paso en abril de 2025, y reuniones con 27 personas detenidas y con organizaciones locales.<\/p>\n\n\n\n<p>El documento revela \u00abmalos tratos generalizados en el EPSPC\u00bb y pone de relieve casos en los que se ha reforzado el control de la inmigraci\u00f3n de manera ilegal.<\/p>\n\n\n\n<p>\u00abEl Gobierno de Trump act\u00faa descaradamente de forma selectiva contra nuestros familiares, amigos, amigas, vecinos y vecinas inmigrantes, y ha vuelto su vida insoportable\u00bb, anota en un comunicado Amy Fischer, directora de Derechos de las Personas Refugiadas y Migrantes de AI Estados Unidos.<\/p>\n\n\n\n<figure class=\"wp-block-image size-full\"><img fetchpriority=\"high\" decoding=\"async\" width=\"517\" height=\"342\" src=\"https:\/\/entretormentas.com\/wp-content\/uploads\/2025\/05\/amnistia1.jpg\" alt=\"\" class=\"wp-image-16661\" srcset=\"https:\/\/entretormentas.com\/wp-content\/uploads\/2025\/05\/amnistia1.jpg 517w, https:\/\/entretormentas.com\/wp-content\/uploads\/2025\/05\/amnistia1-300x198.jpg 300w\" sizes=\"(max-width: 517px) 100vw, 517px\" \/><\/figure>\n\n\n\n<p><strong>Los centros de detenci\u00f3n<\/strong><br>La publicaci\u00f3n apunta que muchos de los entrevistados denunciaron no tener acceso a representaci\u00f3n letrada, estar en detenci\u00f3n prolongada sin motivo, sufrir condiciones de reclusi\u00f3n crueles e inhumanas y ser objeto de traslados entre centros que afectan a su capacidad de comunicarse con sus seres queridos y con proveedores de servicios jur\u00eddicos.<\/p>\n\n\n\n<p>Un hombre de Rep\u00fablica Dominicana cont\u00f3 a AI: \u00abHe estado en cuatro centros de detenci\u00f3n en dos meses. Cada vez que me trasladan tengo que volver a pasar por los tr\u00e1mites, y mi fecha de comparecencia ante el tribunal, el juez y el estado de mi caso cambian\u00bb.<\/p>\n\n\n\n<p>En tanto, AI concluy\u00f3 que las condiciones en EPSPC \u00abviolan las normas de reclusi\u00f3n tanto estadounidenses como internacionales\u00bb.<\/p>\n\n\n\n<p>\u00abPersonas detenidas en el EPSPC denunciaron malos tratos de los guardias, uso del r\u00e9gimen de aislamiento, espacios insalubres y superpoblados (incluidos aseos disfuncionales), asistencia m\u00e9dica insuficiente y comida caducada y de mala calidad\u00bb, anota la organizaci\u00f3n en un comunicado.<br><strong><em>ET \/ Agencias<\/em><\/strong><\/p>\n","protected":false},"excerpt":{"rendered":"<p>ENTRE TORMENTAS. Amnist\u00eda Internacional (AI) denunci\u00f3 este mi\u00e9rcoles \u00abgraves violaciones de derechos humanos contra las&#8230;<\/p>\n","protected":false},"author":2,"featured_media":16662,"comment_status":"closed","ping_status":"open","sticky":false,"template":"","format":"standard","meta":{"footnotes":""},"categories":[56,48],"tags":[],"class_list":["post-16660","post","type-post","status-publish","format-standard","has-post-thumbnail","hentry","category-destacadas","category-internacionales"],"_links":{"self":[{"href":"https:\/\/entretormentas.com\/index.php?rest_route=\/wp\/v2\/posts\/16660","targetHints":{"allow":["GET"]}}],"collection":[{"href":"https:\/\/entretormentas.com\/index.php?rest_route=\/wp\/v2\/posts"}],"about":[{"href":"https:\/\/entretormentas.com\/index.php?rest_route=\/wp\/v2\/types\/post"}],"author":[{"embeddable":true,"href":"https:\/\/entretormentas.com\/index.php?rest_route=\/wp\/v2\/users\/2"}],"replies":[{"embeddable":true,"href":"https:\/\/entretormentas.com\/index.php?rest_route=%2Fwp%2Fv2%2Fcomments&post=16660"}],"version-history":[{"count":1,"href":"https:\/\/entretormentas.com\/index.php?rest_route=\/wp\/v2\/posts\/16660\/revisions"}],"predecessor-version":[{"id":16663,"href":"https:\/\/entretormentas.com\/index.php?rest_route=\/wp\/v2\/posts\/16660\/revisions\/16663"}],"wp:featuredmedia":[{"embeddable":true,"href":"https:\/\/entretormentas.com\/index.php?rest_route=\/wp\/v2\/media\/16662"}],"wp:attachment":[{"href":"https:\/\/entretormentas.com\/index.php?rest_route=%2Fwp%2Fv2%2Fmedia&parent=16660"}],"wp:term":[{"taxonomy":"category","embeddable":true,"href":"https:\/\/entretormentas.com\/index.php?rest_route=%2Fwp%2Fv2%2Fcategories&post=16660"},{"taxonomy":"post_tag","embeddable":true,"href":"https:\/\/entretormentas.com\/index.php?rest_route=%2Fwp%2Fv2%2Ftags&post=16660"}],"curies":[{"name":"wp","href":"https:\/\/api.w.org\/{rel}","templated":true}]}}