{"id":16670,"date":"2025-05-16T10:15:53","date_gmt":"2025-05-16T08:15:53","guid":{"rendered":"https:\/\/entretormentas.com\/?p=16670"},"modified":"2025-05-16T10:15:54","modified_gmt":"2025-05-16T08:15:54","slug":"en-todo-el-estado-la-gobernacion-del-zulia-promueve-la-mente-en-positivo","status":"publish","type":"post","link":"https:\/\/entretormentas.com\/en-todo-el-estado-la-gobernacion-del-zulia-promueve-la-mente-en-positivo\/","title":{"rendered":"\u00a1EN TODO EL ESTADO! La Gobernaci\u00f3n del Zulia promueve la \u00abMente en positivo\u00bb"},"content":{"rendered":"\n<p><strong>ENTRE TORMENTAS. <\/strong>Este s\u00e1bado 17 de mayo a partir de las 5, la Gobernaci\u00f3n del Zulia, bajo la coordinaci\u00f3n de la Secretar\u00eda de Salud, la Secretar\u00eda de Promoci\u00f3n y Prevenci\u00f3n Ciudadana y la Secretar\u00eda de Deportes, desarrolla con \u00e9xito la iniciativa \u00abMente en Positivo\u00bb, una estrategia innovadora orientada a fortalecer el equilibrio emocional, f\u00edsico y social de la poblaci\u00f3n.<\/p>\n\n\n\n<figure class=\"wp-block-image size-large\"><img fetchpriority=\"high\" decoding=\"async\" width=\"895\" height=\"1024\" src=\"https:\/\/entretormentas.com\/wp-content\/uploads\/2025\/05\/positivo2-895x1024.jpg\" alt=\"\" class=\"wp-image-16671\" srcset=\"https:\/\/entretormentas.com\/wp-content\/uploads\/2025\/05\/positivo2-895x1024.jpg 895w, https:\/\/entretormentas.com\/wp-content\/uploads\/2025\/05\/positivo2-262x300.jpg 262w, https:\/\/entretormentas.com\/wp-content\/uploads\/2025\/05\/positivo2-768x879.jpg 768w, https:\/\/entretormentas.com\/wp-content\/uploads\/2025\/05\/positivo2-1342x1536.jpg 1342w, https:\/\/entretormentas.com\/wp-content\/uploads\/2025\/05\/positivo2-1024x1172.jpg 1024w, https:\/\/entretormentas.com\/wp-content\/uploads\/2025\/05\/positivo2.jpg 1398w\" sizes=\"(max-width: 895px) 100vw, 895px\" \/><\/figure>\n\n\n\n<p>La actividad se desplegar\u00e1 simult\u00e1neamente en las 18 parroquias del municipio Maracaibo y en los otros 20 municipios del estado, para ofrecer una serie de actividades gratuitas y accesibles para toda la comunidad, entre ellas:<\/p>\n\n\n\n<figure class=\"wp-block-image size-large\"><img decoding=\"async\" width=\"895\" height=\"1024\" src=\"https:\/\/entretormentas.com\/wp-content\/uploads\/2025\/05\/positivo3-895x1024.jpg\" alt=\"\" class=\"wp-image-16672\" srcset=\"https:\/\/entretormentas.com\/wp-content\/uploads\/2025\/05\/positivo3-895x1024.jpg 895w, https:\/\/entretormentas.com\/wp-content\/uploads\/2025\/05\/positivo3-262x300.jpg 262w, https:\/\/entretormentas.com\/wp-content\/uploads\/2025\/05\/positivo3-768x879.jpg 768w, https:\/\/entretormentas.com\/wp-content\/uploads\/2025\/05\/positivo3-1342x1536.jpg 1342w, https:\/\/entretormentas.com\/wp-content\/uploads\/2025\/05\/positivo3-1024x1172.jpg 1024w, https:\/\/entretormentas.com\/wp-content\/uploads\/2025\/05\/positivo3.jpg 1398w\" sizes=\"(max-width: 895px) 100vw, 895px\" \/><\/figure>\n\n\n\n<p><strong>Bailoterapia grupal, como m\u00e9todo de ejercicio f\u00edsico y liberaci\u00f3n de tensiones.<\/strong><\/p>\n\n\n\n<ul class=\"wp-block-list\">\n<li>Orientaci\u00f3n en Salud Mental, a cargo de profesionales capacitados, dirigida a promover el autocuidado emocional y prevenir trastornos psicol\u00f3gicos.<\/li>\n\n\n\n<li>Determinaci\u00f3n de factores de riesgo en diabetes e hipertensi\u00f3n arterial, mediante jornadas de despistaje y educaci\u00f3n preventiva.<\/li>\n\n\n\n<li>Actividades recreativas y deportivas que fomentan la integraci\u00f3n comunitaria y estilos de vida saludables.<\/li>\n\n\n\n<li>Risoterapia, como t\u00e9cnica terap\u00e9utica para reducir el estr\u00e9s y mejorar el \u00e1nimo.<\/li>\n\n\n\n<li>Arteterapia, empleando la expresi\u00f3n art\u00edstica como v\u00eda para el bienestar emocional.<\/li>\n<\/ul>\n\n\n\n<p>La Gobernaci\u00f3n del Zulia reafirma con este programa su compromiso con la salud p\u00fablica desde un enfoque integral, atendiendo no solo los aspectos f\u00edsicos, sino tambi\u00e9n los factores mentales y sociales que inciden en la calidad de vida de la ciudadan\u00eda.<\/p>\n\n\n\n<figure class=\"wp-block-image size-large\"><img decoding=\"async\" width=\"895\" height=\"1024\" src=\"https:\/\/entretormentas.com\/wp-content\/uploads\/2025\/05\/positivo4-895x1024.jpg\" alt=\"\" class=\"wp-image-16673\" srcset=\"https:\/\/entretormentas.com\/wp-content\/uploads\/2025\/05\/positivo4-895x1024.jpg 895w, https:\/\/entretormentas.com\/wp-content\/uploads\/2025\/05\/positivo4-262x300.jpg 262w, https:\/\/entretormentas.com\/wp-content\/uploads\/2025\/05\/positivo4-768x879.jpg 768w, https:\/\/entretormentas.com\/wp-content\/uploads\/2025\/05\/positivo4-1342x1536.jpg 1342w, https:\/\/entretormentas.com\/wp-content\/uploads\/2025\/05\/positivo4-1024x1172.jpg 1024w, https:\/\/entretormentas.com\/wp-content\/uploads\/2025\/05\/positivo4.jpg 1398w\" sizes=\"(max-width: 895px) 100vw, 895px\" \/><\/figure>\n\n\n\n<p>El secretario de Salud, Diego Mu\u00f1oz, ha destacado que \u201cMente en positivo\u201d representa una pol\u00edtica p\u00fablica de salud preventiva, inclusiva y con sentido humano, dise\u00f1ada para llegar a cada rinc\u00f3n del estado con herramientas efectivas para mejorar el bienestar general de los zulianos.<\/p>\n\n\n\n<p>La ejecuci\u00f3n de esta iniciativa responde a la necesidad de fortalecer la resiliencia colectiva, promover la convivencia pac\u00edfica y generar entornos saludables que impacten positivamente en el desarrollo personal y de las comunidades de la regi\u00f3n zuliana liderado por el Gobernador Manuel Rosales Guerrero.<br><strong><em>ET \/ Nota de Prensa<\/em><\/strong><\/p>\n\n\n\n<p><\/p>\n","protected":false},"excerpt":{"rendered":"<p>ENTRE TORMENTAS. Este s\u00e1bado 17 de mayo a partir de las 5, la Gobernaci\u00f3n del&#8230;<\/p>\n","protected":false},"author":2,"featured_media":16674,"comment_status":"closed","ping_status":"open","sticky":false,"template":"","format":"standard","meta":{"footnotes":""},"categories":[57,1],"tags":[],"class_list":["post-16670","post","type-post","status-publish","format-standard","has-post-thumbnail","hentry","category-actualidad","category-regionales"],"_links":{"self":[{"href":"https:\/\/entretormentas.com\/index.php?rest_route=\/wp\/v2\/posts\/16670","targetHints":{"allow":["GET"]}}],"collection":[{"href":"https:\/\/entretormentas.com\/index.php?rest_route=\/wp\/v2\/posts"}],"about":[{"href":"https:\/\/entretormentas.com\/index.php?rest_route=\/wp\/v2\/types\/post"}],"author":[{"embeddable":true,"href":"https:\/\/entretormentas.com\/index.php?rest_route=\/wp\/v2\/users\/2"}],"replies":[{"embeddable":true,"href":"https:\/\/entretormentas.com\/index.php?rest_route=%2Fwp%2Fv2%2Fcomments&post=16670"}],"version-history":[{"count":1,"href":"https:\/\/entretormentas.com\/index.php?rest_route=\/wp\/v2\/posts\/16670\/revisions"}],"predecessor-version":[{"id":16675,"href":"https:\/\/entretormentas.com\/index.php?rest_route=\/wp\/v2\/posts\/16670\/revisions\/16675"}],"wp:featuredmedia":[{"embeddable":true,"href":"https:\/\/entretormentas.com\/index.php?rest_route=\/wp\/v2\/media\/16674"}],"wp:attachment":[{"href":"https:\/\/entretormentas.com\/index.php?rest_route=%2Fwp%2Fv2%2Fmedia&parent=16670"}],"wp:term":[{"taxonomy":"category","embeddable":true,"href":"https:\/\/entretormentas.com\/index.php?rest_route=%2Fwp%2Fv2%2Fcategories&post=16670"},{"taxonomy":"post_tag","embeddable":true,"href":"https:\/\/entretormentas.com\/index.php?rest_route=%2Fwp%2Fv2%2Ftags&post=16670"}],"curies":[{"name":"wp","href":"https:\/\/api.w.org\/{rel}","templated":true}]}}