{"id":16680,"date":"2025-05-16T10:24:46","date_gmt":"2025-05-16T08:24:46","guid":{"rendered":"https:\/\/entretormentas.com\/?p=16680"},"modified":"2025-05-16T10:24:47","modified_gmt":"2025-05-16T08:24:47","slug":"cumpliendo-rosales-inaugura-la-tomas-rafael-jimenez-y-alarga-la-lista-de-nuevas-escuelas-en-el-zulia","status":"publish","type":"post","link":"https:\/\/entretormentas.com\/cumpliendo-rosales-inaugura-la-tomas-rafael-jimenez-y-alarga-la-lista-de-nuevas-escuelas-en-el-zulia\/","title":{"rendered":"\u00a1CUMPLIENDO! Rosales inaugura la \u201cTom\u00e1s Rafael Jim\u00e9nez\u201d y alarga la lista de nuevas escuelas en el Zulia"},"content":{"rendered":"\n<p><strong>ENTRE TORMENTAS. <\/strong>Recuperar la matr\u00edcula escolar del Zulia no es tarea sencilla, es un trabajo que se realiza en cada parroquia y escuela, una por una, de manera sostenida. Fue as\u00ed como en la \u201cTom\u00e1s Rafael Jim\u00e9nez\u201d la cantidad de estudiantes aument\u00f3 un 30 por ciento: construyendo y modernizando cada \u00e1rea, cada aula, hasta que hoy los escolares sobrepasan ya los 800 inscritos en ese centro educativo.<\/p>\n\n\n\n<p>As\u00ed lo anunci\u00f3 el gobernador del Zulia, Manuel Rosales Guerrero, al inaugurar esta escuela de la parroquia Venancio Pulgar, que a partir de ahora tiene sus \u00e1reas ciento por ciento operativas: \u201cson 12 aulas de primaria, tres salas de preescolar con sus respectivas salas sanitarias, el sistema hidroneum\u00e1tico, la conserjer\u00eda, toda el \u00e1rea administrativa, el Aula Virtual que integrar\u00e1 las clases de rob\u00f3tica e inteligencia artificial, la dotaci\u00f3n completa de mobiliario escolar y deportivo, las canchas, los parques y la cerca perimetral, entre otras modificaciones\u201d, dijo.<\/p>\n\n\n\n<figure class=\"wp-block-image size-large\"><img fetchpriority=\"high\" decoding=\"async\" width=\"1024\" height=\"683\" src=\"https:\/\/entretormentas.com\/wp-content\/uploads\/2025\/05\/escu2-1024x683.jpg\" alt=\"\" class=\"wp-image-16681\" srcset=\"https:\/\/entretormentas.com\/wp-content\/uploads\/2025\/05\/escu2-1024x683.jpg 1024w, https:\/\/entretormentas.com\/wp-content\/uploads\/2025\/05\/escu2-300x200.jpg 300w, https:\/\/entretormentas.com\/wp-content\/uploads\/2025\/05\/escu2-768x512.jpg 768w, https:\/\/entretormentas.com\/wp-content\/uploads\/2025\/05\/escu2-1536x1025.jpg 1536w, https:\/\/entretormentas.com\/wp-content\/uploads\/2025\/05\/escu2-2048x1366.jpg 2048w\" sizes=\"(max-width: 1024px) 100vw, 1024px\" \/><\/figure>\n\n\n\n<p><strong>PROGRAMA COMPLETO<\/strong><br>La inauguraci\u00f3n de la \u201cTom\u00e1s Rafael Jim\u00e9nez\u201d forma parte del eje de Educaci\u00f3n, el cual se rige bajo la filosof\u00eda de \u201cEscuelas de Avanzada\u201d que impulsa el Gobernador. De esta forma, las escuelas no son solo centros de formaci\u00f3n acad\u00e9mica, sino que modelan a los futuros ciudadanos de forma integral, sumando el aspecto deportivo, el de salud, el ambiental, el cultural, el alimenticio y el tecnol\u00f3gico.<\/p>\n\n\n\n<p>En la \u201cTom\u00e1s Rafael Jim\u00e9nez\u201d se involucr\u00f3 a los programas \u201cManos a la Escuela\u201d, que construye, recupera y moderniza las escuelas estadales; el \u201cCultura para las Escuelas\u201d, que implica la creaci\u00f3n de grupos de declamaci\u00f3n, pintura, canto o gaitas; el \u201cPrograma Deportivo Escolar\u201d, que se dedica a entrenar a los interesados en f\u00fatbol, baloncesto, kickingball, Ajedrez, gimnasia r\u00edtmica o similares; y el programa \u201cLa Salud va a tu Escuela\u201d, que realiza jornadas de medicina general, vacunaci\u00f3n, odontolog\u00eda, desparasitaci\u00f3n o el \u201cCon Buenos Ojos Escolar\u201d, que corrige problemas de la visi\u00f3n.<\/p>\n\n\n\n<figure class=\"wp-block-image size-large\"><img decoding=\"async\" width=\"1024\" height=\"682\" src=\"https:\/\/entretormentas.com\/wp-content\/uploads\/2025\/05\/escu3-1024x682.jpg\" alt=\"\" class=\"wp-image-16682\" srcset=\"https:\/\/entretormentas.com\/wp-content\/uploads\/2025\/05\/escu3-1024x682.jpg 1024w, https:\/\/entretormentas.com\/wp-content\/uploads\/2025\/05\/escu3-300x200.jpg 300w, https:\/\/entretormentas.com\/wp-content\/uploads\/2025\/05\/escu3-768x512.jpg 768w, https:\/\/entretormentas.com\/wp-content\/uploads\/2025\/05\/escu3-1536x1024.jpg 1536w, https:\/\/entretormentas.com\/wp-content\/uploads\/2025\/05\/escu3-2048x1365.jpg 2048w\" sizes=\"(max-width: 1024px) 100vw, 1024px\" \/><\/figure>\n\n\n\n<p>Quiz\u00e1s uno de los programas m\u00e1s sentidos sea el Plan de Alimentaci\u00f3n Escolar del Zulia, que contempla el plato de comida caliente a todo el personal escolar, administrativo y obrero, la modernizaci\u00f3n de las cocinas y la dotaci\u00f3n de cada una de ellas. A este se suman el programa de Integraci\u00f3n de Padres y Representantes y el de Apadrinamiento Escolar. Todo con un \u00fanico objetivo: hacer que los escolares de hoy sean ciudadanos formados de forma integral en el futuro.<\/p>\n\n\n\n<p>Rosales tuvo palabras especiales para los ni\u00f1os y sus representantes, al recordarles la importancia de cuidar y proteger las instalaciones que reci\u00e9n se entregaban: \u201cla comunidad debe estar pendiente de su escuela, porque son ellos los primeros beneficiarios y dolientes de estos trabajos\u201d, record\u00f3 mientras hizo sonar la alarma con la que ahora los vecinos se informar\u00e1n en caso de una emergencia.<\/p>\n\n\n\n<figure class=\"wp-block-image size-large\"><img decoding=\"async\" width=\"1024\" height=\"682\" src=\"https:\/\/entretormentas.com\/wp-content\/uploads\/2025\/05\/escu4-1024x682.jpg\" alt=\"\" class=\"wp-image-16683\" srcset=\"https:\/\/entretormentas.com\/wp-content\/uploads\/2025\/05\/escu4-1024x682.jpg 1024w, https:\/\/entretormentas.com\/wp-content\/uploads\/2025\/05\/escu4-300x200.jpg 300w, https:\/\/entretormentas.com\/wp-content\/uploads\/2025\/05\/escu4-768x512.jpg 768w, https:\/\/entretormentas.com\/wp-content\/uploads\/2025\/05\/escu4-1536x1024.jpg 1536w, https:\/\/entretormentas.com\/wp-content\/uploads\/2025\/05\/escu4-2048x1365.jpg 2048w\" sizes=\"(max-width: 1024px) 100vw, 1024px\" \/><\/figure>\n\n\n\n<p>Son m\u00e1s de una decena de escuelas las que ya se han inaugurado en lo que va de 2025, y se espera que se dupliquen antes de terminar el a\u00f1o. Junto con el \u00e1rea de salud y de infraestructura, Rosales planea impulsar el proceso de recuperaci\u00f3n del Zulia fortaleciendo esos tres pilares de su gesti\u00f3n.<br><strong><em>ET \/ Nota de Prensa<\/em><\/strong><\/p>\n\n\n\n<p><\/p>\n","protected":false},"excerpt":{"rendered":"<p>ENTRE TORMENTAS. Recuperar la matr\u00edcula escolar del Zulia no es tarea sencilla, es un trabajo&#8230;<\/p>\n","protected":false},"author":2,"featured_media":16684,"comment_status":"closed","ping_status":"open","sticky":false,"template":"","format":"standard","meta":{"footnotes":""},"categories":[57,1],"tags":[],"class_list":["post-16680","post","type-post","status-publish","format-standard","has-post-thumbnail","hentry","category-actualidad","category-regionales"],"_links":{"self":[{"href":"https:\/\/entretormentas.com\/index.php?rest_route=\/wp\/v2\/posts\/16680","targetHints":{"allow":["GET"]}}],"collection":[{"href":"https:\/\/entretormentas.com\/index.php?rest_route=\/wp\/v2\/posts"}],"about":[{"href":"https:\/\/entretormentas.com\/index.php?rest_route=\/wp\/v2\/types\/post"}],"author":[{"embeddable":true,"href":"https:\/\/entretormentas.com\/index.php?rest_route=\/wp\/v2\/users\/2"}],"replies":[{"embeddable":true,"href":"https:\/\/entretormentas.com\/index.php?rest_route=%2Fwp%2Fv2%2Fcomments&post=16680"}],"version-history":[{"count":1,"href":"https:\/\/entretormentas.com\/index.php?rest_route=\/wp\/v2\/posts\/16680\/revisions"}],"predecessor-version":[{"id":16685,"href":"https:\/\/entretormentas.com\/index.php?rest_route=\/wp\/v2\/posts\/16680\/revisions\/16685"}],"wp:featuredmedia":[{"embeddable":true,"href":"https:\/\/entretormentas.com\/index.php?rest_route=\/wp\/v2\/media\/16684"}],"wp:attachment":[{"href":"https:\/\/entretormentas.com\/index.php?rest_route=%2Fwp%2Fv2%2Fmedia&parent=16680"}],"wp:term":[{"taxonomy":"category","embeddable":true,"href":"https:\/\/entretormentas.com\/index.php?rest_route=%2Fwp%2Fv2%2Fcategories&post=16680"},{"taxonomy":"post_tag","embeddable":true,"href":"https:\/\/entretormentas.com\/index.php?rest_route=%2Fwp%2Fv2%2Ftags&post=16680"}],"curies":[{"name":"wp","href":"https:\/\/api.w.org\/{rel}","templated":true}]}}