{"id":16686,"date":"2025-05-16T10:29:49","date_gmt":"2025-05-16T08:29:49","guid":{"rendered":"https:\/\/entretormentas.com\/?p=16686"},"modified":"2025-05-16T10:29:49","modified_gmt":"2025-05-16T08:29:49","slug":"apoyo-ancestral-mas-de-dos-mil-500-indigenas-declaran-como-gobernador-a-el-tawala-luis-caldera","status":"publish","type":"post","link":"https:\/\/entretormentas.com\/apoyo-ancestral-mas-de-dos-mil-500-indigenas-declaran-como-gobernador-a-el-tawala-luis-caldera\/","title":{"rendered":"\u00a1APOYO ANCESTRAL! M\u00e1s de dos mil 500 ind\u00edgenas declaran como gobernador a El Tawala Luis Caldera"},"content":{"rendered":"\n<p><strong>ENTRE TORMENTAS.<\/strong> El anfiteatro del Parque Ana Mar\u00eda Campos de Maracaibo fue el espacio para que m\u00e1s de 2.500 ind\u00edgenas de las cinco etnias que habitan en la regi\u00f3n zuliana, reunidos en asamblea, declararan a \u201cEl Tawala\u201d Luis Caldera como gobernador del estado Zulia.<\/p>\n\n\n\n<p>Ceremonias, expresiones culturales way\u00fau, a\u00f1\u00fa, japreira, yukpa y bar\u00ed, acompa\u00f1aron a esta declaratoria junto a la firma de un juramento por parte del candidato del Gran Polo Patri\u00f3tico Sim\u00f3n Bol\u00edvar (GPPSB), en el que reiter\u00f3 su compromiso de gobernar con el pueblo, en este caso con las comunidades ind\u00edgenas del Zulia.<\/p>\n\n\n\n<figure class=\"wp-block-image size-large\"><img fetchpriority=\"high\" decoding=\"async\" width=\"1024\" height=\"682\" src=\"https:\/\/entretormentas.com\/wp-content\/uploads\/2025\/05\/lcwayu2-1024x682.jpg\" alt=\"\" class=\"wp-image-16687\" srcset=\"https:\/\/entretormentas.com\/wp-content\/uploads\/2025\/05\/lcwayu2-1024x682.jpg 1024w, https:\/\/entretormentas.com\/wp-content\/uploads\/2025\/05\/lcwayu2-300x200.jpg 300w, https:\/\/entretormentas.com\/wp-content\/uploads\/2025\/05\/lcwayu2-768x512.jpg 768w, https:\/\/entretormentas.com\/wp-content\/uploads\/2025\/05\/lcwayu2.jpg 1280w\" sizes=\"(max-width: 1024px) 100vw, 1024px\" \/><\/figure>\n\n\n\n<p>Candidatos a diputados y diputadas por los pueblos originarios, encabezados por la l\u00edder Noel\u00ed Pocaterra; caciques y voceros de organizaciones ind\u00edgenas de las \u00e1reas de cultura, deportes, educaci\u00f3n, transporte y artesan\u00eda se comprometieron unidos y apegados al legado de sus ancestros, llevar el pr\u00f3ximo 25 de mayo al primer gobernador ind\u00edgena de la regi\u00f3n.<\/p>\n\n\n\n<p>El cacique bar\u00ed de la Cuenca Macoita, en la Sierra de Perij\u00e1, Roberto Millano, expres\u00f3 que baj\u00f3 de la serran\u00eda perijanera, junto a parte de su comunidad, a sellar lo que ser\u00e1 la victoria de los ind\u00edgenas zulianos de llevar a uno de los suyos a comandar con el pueblo los destinos del territorio.<\/p>\n\n\n\n<p>\u201cEstamos diciendo que El Tawala Luis Caldera ser\u00e1 el gobernador desde el 25 de mayo y para eso ya estamos organizados, para movilizar, para carretear a mi gente al centro de votaci\u00f3n. Yo defender\u00e9 el voto en las mesas\u201d, asegur\u00f3 el cacique Millano.<\/p>\n\n\n\n<figure class=\"wp-block-image size-large\"><img decoding=\"async\" width=\"1024\" height=\"683\" src=\"https:\/\/entretormentas.com\/wp-content\/uploads\/2025\/05\/lcwayu3-1024x683.jpg\" alt=\"\" class=\"wp-image-16688\" srcset=\"https:\/\/entretormentas.com\/wp-content\/uploads\/2025\/05\/lcwayu3-1024x683.jpg 1024w, https:\/\/entretormentas.com\/wp-content\/uploads\/2025\/05\/lcwayu3-300x200.jpg 300w, https:\/\/entretormentas.com\/wp-content\/uploads\/2025\/05\/lcwayu3-768x512.jpg 768w, https:\/\/entretormentas.com\/wp-content\/uploads\/2025\/05\/lcwayu3.jpg 1280w\" sizes=\"(max-width: 1024px) 100vw, 1024px\" \/><\/figure>\n\n\n\n<p>Asimismo, Luz Elena Atalloa, tambi\u00e9n del pueblo bar\u00ed, expres\u00f3 la importancia de que un representante ind\u00edgena est\u00e9 al frente del gobierno regional, puesto que conoce las verdaderas necesidades y no olvidar\u00e1 los derechos de los originarios.<\/p>\n\n\n\n<p>\u201cEstamos hermanados, unidos trabajando los consejos comunales, las UBCH, los jefes de calle, los caciques, todos en un solo pueblo por nuestro hermano Luis\u201d, dijo Atalloa.<\/p>\n\n\n\n<p>Con orgullo de pertenecer a la etnia del candidato, Violeta P\u00e1ez, sostuvo sentirse representada por un hombre de su misma descendencia y por quien junto a su comunidad estar\u00e1 al frente de la batalla electoral del domingo 25 de mayo.<\/p>\n\n\n\n<figure class=\"wp-block-image size-large\"><img decoding=\"async\" width=\"1024\" height=\"682\" src=\"https:\/\/entretormentas.com\/wp-content\/uploads\/2025\/05\/lcwayu4-1024x682.jpg\" alt=\"\" class=\"wp-image-16689\" srcset=\"https:\/\/entretormentas.com\/wp-content\/uploads\/2025\/05\/lcwayu4-1024x682.jpg 1024w, https:\/\/entretormentas.com\/wp-content\/uploads\/2025\/05\/lcwayu4-300x200.jpg 300w, https:\/\/entretormentas.com\/wp-content\/uploads\/2025\/05\/lcwayu4-768x512.jpg 768w, https:\/\/entretormentas.com\/wp-content\/uploads\/2025\/05\/lcwayu4.jpg 1280w\" sizes=\"(max-width: 1024px) 100vw, 1024px\" \/><\/figure>\n\n\n\n<p><strong>CON EL LEGADO DE CH\u00c1VEZ<\/strong><br>Frente a la multitud de los pueblos originarios, Caldera reiter\u00f3 su compromiso de consolidar la paz, el reconocimiento y el respeto a los valores, principios, tradiciones y saberes ancestrales y que el Zulia tendr\u00e1 una Gobernaci\u00f3n Bolivariana ind\u00edgena, que garantizar\u00e1 la inclusi\u00f3n, el derecho a la siembra, a la maquinaria, a la identidad, a los nichos etnoling\u00fc\u00edsticos, a la educaci\u00f3n intercultural biling\u00fce, a la salud tradicional<\/p>\n\n\n\n<p>\u201cEste es un encuentro pluricultural de los cinco pueblos ind\u00edgenas del Zulia, que se colocan a la vanguardia de lo que ser\u00e1 el Zulia ind\u00edgena a partir del 25 de mayo, con lo que ser\u00e1 una victoria bar\u00ed, yukpa, japreira, a\u00f1\u00fa y way\u00fau con el legado del Comandante Hugo Ch\u00e1vez. Me siento contento y complacido de estar aqu\u00ed con mis hermanos y mis hermanas para garantizar la unidad monol\u00edtica y el triunfo del pr\u00f3ximo 25 de mayo\u201d, expres\u00f3.<br><strong><em>ET \/ Prensa PSUV Zulia<\/em><\/strong><\/p>\n\n\n\n<p><\/p>\n","protected":false},"excerpt":{"rendered":"<p>ENTRE TORMENTAS. El anfiteatro del Parque Ana Mar\u00eda Campos de Maracaibo fue el espacio para&#8230;<\/p>\n","protected":false},"author":2,"featured_media":16690,"comment_status":"closed","ping_status":"open","sticky":false,"template":"","format":"standard","meta":{"footnotes":""},"categories":[57,1],"tags":[],"class_list":["post-16686","post","type-post","status-publish","format-standard","has-post-thumbnail","hentry","category-actualidad","category-regionales"],"_links":{"self":[{"href":"https:\/\/entretormentas.com\/index.php?rest_route=\/wp\/v2\/posts\/16686","targetHints":{"allow":["GET"]}}],"collection":[{"href":"https:\/\/entretormentas.com\/index.php?rest_route=\/wp\/v2\/posts"}],"about":[{"href":"https:\/\/entretormentas.com\/index.php?rest_route=\/wp\/v2\/types\/post"}],"author":[{"embeddable":true,"href":"https:\/\/entretormentas.com\/index.php?rest_route=\/wp\/v2\/users\/2"}],"replies":[{"embeddable":true,"href":"https:\/\/entretormentas.com\/index.php?rest_route=%2Fwp%2Fv2%2Fcomments&post=16686"}],"version-history":[{"count":1,"href":"https:\/\/entretormentas.com\/index.php?rest_route=\/wp\/v2\/posts\/16686\/revisions"}],"predecessor-version":[{"id":16691,"href":"https:\/\/entretormentas.com\/index.php?rest_route=\/wp\/v2\/posts\/16686\/revisions\/16691"}],"wp:featuredmedia":[{"embeddable":true,"href":"https:\/\/entretormentas.com\/index.php?rest_route=\/wp\/v2\/media\/16690"}],"wp:attachment":[{"href":"https:\/\/entretormentas.com\/index.php?rest_route=%2Fwp%2Fv2%2Fmedia&parent=16686"}],"wp:term":[{"taxonomy":"category","embeddable":true,"href":"https:\/\/entretormentas.com\/index.php?rest_route=%2Fwp%2Fv2%2Fcategories&post=16686"},{"taxonomy":"post_tag","embeddable":true,"href":"https:\/\/entretormentas.com\/index.php?rest_route=%2Fwp%2Fv2%2Ftags&post=16686"}],"curies":[{"name":"wp","href":"https:\/\/api.w.org\/{rel}","templated":true}]}}